{"id":17705,"date":"2025-01-17T21:00:45","date_gmt":"2025-01-17T20:00:45","guid":{"rendered":"http:\/\/tvbelas.com\/tvbelas\/?p=17705"},"modified":"2025-01-17T21:00:48","modified_gmt":"2025-01-17T20:00:48","slug":"faf-em-abidjan-na-cerimonia-de-lancamento-da-pedra-para-centro-tecnico","status":"publish","type":"post","link":"https:\/\/tvbelas.com\/tvbelas\/noticias\/desporto\/faf-em-abidjan-na-cerimonia-de-lancamento-da-pedra-para-centro-tecnico\/","title":{"rendered":"FAF EM ABIDJAN NA CERIM\u00d3NIA DE LAN\u00c7AMENTO DA PEDRA PARA CENTRO T\u00c9CNICO"},"content":{"rendered":"\n<p>O Presidente da Federa\u00e7\u00e3o Angolana de Futebol Eng. Fernando Alves Sim\u00f5es, participaou em Abidjan, C\u00f4te d\u2019Ivoire, na cerim\u00f3nia de lancamento da primeira pedra para constru\u00e7\u00e3o do Centro Tecnico Nacional, da Federa\u00e7\u00e3o Ivoirense de Futebol &#8211; FIF.<\/p>\n\n\n\n<p>Segundo a p\u00e1gina da FAF no Facebook , o acto ocorreu nesta ocorreu sexta-feira, (17.01.2025) na presen\u00e7a de altas personalidades incluindo Gelson Fernandes (Diretor Adjunto da Divis\u00e3o de Associa\u00e7\u00f5es Membros e Diretor Regional \u00c1frica), Veron Mosengo-Omba (Secret\u00e1rio Geral da CAF), Kandia Camara (Presidente do Senado), Dr Eug\u00e8ne Aka Aou\u00e9l\u00e9 (Presidente do Conselho Social Econ\u00f3mico, Ambiental e Cultural), Adj\u00e9 Silas Metch (Ministro Delegado do Primeiro Ministro, Ministro dos Desportos e do quadro da vida), bem como v\u00e1rios presidentes das Federa\u00e7\u00f5es Africanas e jogadores do futebol marfinense.<\/p>\n\n\n\n<p>De referir que a Federa\u00e7\u00e3o angolana de futebol possui neste um centro t\u00e9cnico entregue pelo Governo Angolano no \u00e2mbito da recupera\u00e7\u00e3o de activos e que pertencia ao Benfica de Luanda.<\/p>\n\n\n\n<p>No passado s\u00e1bado, dia 11 de janeiro de 2024, o Presidente da Federa\u00e7\u00e3o Angolana de Futebol (FAF), Eng.\u00ba Alves Sim\u00f5es, acompanhado pela sua comitiva, efetua uma visita de constata\u00e7\u00e3o ao Centro T\u00e9cnico Nacional (CTN), situado no Munic\u00edpio e Comuna do Sequele, na Prov\u00edncia de Icolo e Bengo.<\/p>\n\n\n\n<p>Durante a visita, o Eng.\u00ba Alves Sim\u00f5es manifestou a sua satisfa\u00e7\u00e3o em poder verificar as instala\u00e7\u00f5es do CTN, que se prop\u00f5em a servir como um espa\u00e7o de acolhimento para as diversas sele\u00e7\u00f5es de futebol do pa\u00eds, desde as sele\u00e7\u00f5es de futebol de 11 ao futebol de praia.<\/p>\n\n\n\n<p>O Presidente da FAF sublinhou a import\u00e2ncia de dotar a sele\u00e7\u00e3o nacional das melhores condi\u00e7\u00f5es para a prepara\u00e7\u00e3o e desenvolvimento dos atletas, afirmando que a constru\u00e7\u00e3o de infra-estruturas adequadas \u00e9 fundamental para o futuro do futebol angolano.<\/p>\n\n\n\n<p>O CTN, que busca fomentar o desenvolvimento do desporto-rei em Angola, \u00e9 uma resposta \u00e0 crescente necessidade de espa\u00e7os que permitam treinos de alta qualidade e a concentra\u00e7\u00e3o de equipas em regime de est\u00e1gio.<\/p>\n\n\n\n<p>O Eng.\u00ba Alves Sim\u00f5es refor\u00e7ou ainda que a FAF continua a trabalhar em parceria com as entidades governamentais e privadas para assegurar que as metas e objetivos estabelecidos para o futebol nacional sejam atingidos com sucesso.<\/p>\n\n\n\n<p>TV Belas, Juntos Criamos a Nossa Hist\u00f3ria.<\/p>\n\n\n\n<figure class=\"wp-block-gallery has-nested-images columns-default is-cropped wp-block-gallery-1 is-layout-flex wp-block-gallery-is-layout-flex\">\n<figure class=\"wp-block-image size-large\"><img loading=\"lazy\" decoding=\"async\" width=\"720\" height=\"899\" data-id=\"17708\" src=\"http:\/\/tvbelas.com\/tvbelas\/wp-content\/uploads\/2025\/01\/a055b1d0-ae9a-4974-aa08-721e10467fb2.jpg\" alt=\"\" class=\"wp-image-17708\" srcset=\"https:\/\/tvbelas.com\/tvbelas\/wp-content\/uploads\/2025\/01\/a055b1d0-ae9a-4974-aa08-721e10467fb2.jpg 720w, https:\/\/tvbelas.com\/tvbelas\/wp-content\/uploads\/2025\/01\/a055b1d0-ae9a-4974-aa08-721e10467fb2-240x300.jpg 240w, https:\/\/tvbelas.com\/tvbelas\/wp-content\/uploads\/2025\/01\/a055b1d0-ae9a-4974-aa08-721e10467fb2-150x187.jpg 150w, https:\/\/tvbelas.com\/tvbelas\/wp-content\/uploads\/2025\/01\/a055b1d0-ae9a-4974-aa08-721e10467fb2-300x375.jpg 300w, https:\/\/tvbelas.com\/tvbelas\/wp-content\/uploads\/2025\/01\/a055b1d0-ae9a-4974-aa08-721e10467fb2-696x869.jpg 696w, https:\/\/tvbelas.com\/tvbelas\/wp-content\/uploads\/2025\/01\/a055b1d0-ae9a-4974-aa08-721e10467fb2-336x420.jpg 336w\" sizes=\"auto, (max-width: 720px) 100vw, 720px\" \/><\/figure>\n\n\n\n<figure class=\"wp-block-image size-large\"><img loading=\"lazy\" decoding=\"async\" width=\"720\" height=\"901\" data-id=\"17707\" src=\"http:\/\/tvbelas.com\/tvbelas\/wp-content\/uploads\/2025\/01\/5830df88-ac60-499c-91f6-4a0ad740ccaf.jpg\" alt=\"\" class=\"wp-image-17707\" srcset=\"https:\/\/tvbelas.com\/tvbelas\/wp-content\/uploads\/2025\/01\/5830df88-ac60-499c-91f6-4a0ad740ccaf.jpg 720w, https:\/\/tvbelas.com\/tvbelas\/wp-content\/uploads\/2025\/01\/5830df88-ac60-499c-91f6-4a0ad740ccaf-240x300.jpg 240w, https:\/\/tvbelas.com\/tvbelas\/wp-content\/uploads\/2025\/01\/5830df88-ac60-499c-91f6-4a0ad740ccaf-150x188.jpg 150w, https:\/\/tvbelas.com\/tvbelas\/wp-content\/uploads\/2025\/01\/5830df88-ac60-499c-91f6-4a0ad740ccaf-300x375.jpg 300w, https:\/\/tvbelas.com\/tvbelas\/wp-content\/uploads\/2025\/01\/5830df88-ac60-499c-91f6-4a0ad740ccaf-696x871.jpg 696w, https:\/\/tvbelas.com\/tvbelas\/wp-content\/uploads\/2025\/01\/5830df88-ac60-499c-91f6-4a0ad740ccaf-336x420.jpg 336w\" sizes=\"auto, (max-width: 720px) 100vw, 720px\" \/><\/figure>\n\n\n\n<figure class=\"wp-block-image size-large\"><img loading=\"lazy\" decoding=\"async\" width=\"720\" height=\"899\" data-id=\"17706\" src=\"http:\/\/tvbelas.com\/tvbelas\/wp-content\/uploads\/2025\/01\/b983f6de-dc95-4d2a-a785-800c768bcbfe.jpg\" alt=\"\" class=\"wp-image-17706\" srcset=\"https:\/\/tvbelas.com\/tvbelas\/wp-content\/uploads\/2025\/01\/b983f6de-dc95-4d2a-a785-800c768bcbfe.jpg 720w, https:\/\/tvbelas.com\/tvbelas\/wp-content\/uploads\/2025\/01\/b983f6de-dc95-4d2a-a785-800c768bcbfe-240x300.jpg 240w, https:\/\/tvbelas.com\/tvbelas\/wp-content\/uploads\/2025\/01\/b983f6de-dc95-4d2a-a785-800c768bcbfe-150x187.jpg 150w, https:\/\/tvbelas.com\/tvbelas\/wp-content\/uploads\/2025\/01\/b983f6de-dc95-4d2a-a785-800c768bcbfe-300x375.jpg 300w, https:\/\/tvbelas.com\/tvbelas\/wp-content\/uploads\/2025\/01\/b983f6de-dc95-4d2a-a785-800c768bcbfe-696x869.jpg 696w, https:\/\/tvbelas.com\/tvbelas\/wp-content\/uploads\/2025\/01\/b983f6de-dc95-4d2a-a785-800c768bcbfe-336x420.jpg 336w\" sizes=\"auto, (max-width: 720px) 100vw, 720px\" \/><\/figure>\n<\/figure>\n\n\n\n<figure class=\"wp-block-gallery has-nested-images columns-default is-cropped wp-block-gallery-2 is-layout-flex wp-block-gallery-is-layout-flex\">\n<figure class=\"wp-block-image size-large\"><img loading=\"lazy\" decoding=\"async\" width=\"720\" height=\"720\" data-id=\"17709\" src=\"http:\/\/tvbelas.com\/tvbelas\/wp-content\/uploads\/2025\/01\/109490fd-c76f-4e58-bd8c-ec5c745c3b9b.jpg\" alt=\"\" class=\"wp-image-17709\" srcset=\"https:\/\/tvbelas.com\/tvbelas\/wp-content\/uploads\/2025\/01\/109490fd-c76f-4e58-bd8c-ec5c745c3b9b.jpg 720w, https:\/\/tvbelas.com\/tvbelas\/wp-content\/uploads\/2025\/01\/109490fd-c76f-4e58-bd8c-ec5c745c3b9b-300x300.jpg 300w, https:\/\/tvbelas.com\/tvbelas\/wp-content\/uploads\/2025\/01\/109490fd-c76f-4e58-bd8c-ec5c745c3b9b-150x150.jpg 150w, https:\/\/tvbelas.com\/tvbelas\/wp-content\/uploads\/2025\/01\/109490fd-c76f-4e58-bd8c-ec5c745c3b9b-696x696.jpg 696w, https:\/\/tvbelas.com\/tvbelas\/wp-content\/uploads\/2025\/01\/109490fd-c76f-4e58-bd8c-ec5c745c3b9b-420x420.jpg 420w\" sizes=\"auto, (max-width: 720px) 100vw, 720px\" \/><\/figure>\n\n\n\n<figure class=\"wp-block-image size-large\"><img loading=\"lazy\" decoding=\"async\" width=\"720\" height=\"720\" data-id=\"17711\" src=\"http:\/\/tvbelas.com\/tvbelas\/wp-content\/uploads\/2025\/01\/964364e2-2179-4700-a2c6-00f4f46b79cf.jpg\" alt=\"\" class=\"wp-image-17711\" srcset=\"https:\/\/tvbelas.com\/tvbelas\/wp-content\/uploads\/2025\/01\/964364e2-2179-4700-a2c6-00f4f46b79cf.jpg 720w, https:\/\/tvbelas.com\/tvbelas\/wp-content\/uploads\/2025\/01\/964364e2-2179-4700-a2c6-00f4f46b79cf-300x300.jpg 300w, https:\/\/tvbelas.com\/tvbelas\/wp-content\/uploads\/2025\/01\/964364e2-2179-4700-a2c6-00f4f46b79cf-150x150.jpg 150w, https:\/\/tvbelas.com\/tvbelas\/wp-content\/uploads\/2025\/01\/964364e2-2179-4700-a2c6-00f4f46b79cf-696x696.jpg 696w, https:\/\/tvbelas.com\/tvbelas\/wp-content\/uploads\/2025\/01\/964364e2-2179-4700-a2c6-00f4f46b79cf-420x420.jpg 420w\" sizes=\"auto, (max-width: 720px) 100vw, 720px\" \/><\/figure>\n\n\n\n<figure class=\"wp-block-image size-large\"><img loading=\"lazy\" decoding=\"async\" width=\"720\" height=\"720\" data-id=\"17710\" src=\"http:\/\/tvbelas.com\/tvbelas\/wp-content\/uploads\/2025\/01\/7530569a-78ab-4dbd-982a-779625ef607f.jpg\" alt=\"\" class=\"wp-image-17710\" srcset=\"https:\/\/tvbelas.com\/tvbelas\/wp-content\/uploads\/2025\/01\/7530569a-78ab-4dbd-982a-779625ef607f.jpg 720w, https:\/\/tvbelas.com\/tvbelas\/wp-content\/uploads\/2025\/01\/7530569a-78ab-4dbd-982a-779625ef607f-300x300.jpg 300w, https:\/\/tvbelas.com\/tvbelas\/wp-content\/uploads\/2025\/01\/7530569a-78ab-4dbd-982a-779625ef607f-150x150.jpg 150w, https:\/\/tvbelas.com\/tvbelas\/wp-content\/uploads\/2025\/01\/7530569a-78ab-4dbd-982a-779625ef607f-696x696.jpg 696w, https:\/\/tvbelas.com\/tvbelas\/wp-content\/uploads\/2025\/01\/7530569a-78ab-4dbd-982a-779625ef607f-420x420.jpg 420w\" sizes=\"auto, (max-width: 720px) 100vw, 720px\" \/><\/figure>\n<\/figure>\n","protected":false},"excerpt":{"rendered":"<p>O Presidente da Federa\u00e7\u00e3o Angolana de Futebol Eng. Fernando Alves Sim\u00f5es, participaou em Abidjan, C\u00f4te d\u2019Ivoire, na cerim\u00f3nia de lancamento da primeira pedra para constru\u00e7\u00e3o do Centro Tecnico Nacional, da Federa\u00e7\u00e3o Ivoirense de Futebol &#8211; FIF. Segundo a p\u00e1gina da FAF no Facebook , o acto ocorreu nesta ocorreu sexta-feira, (17.01.2025) na presen\u00e7a de altas [&hellip;]<\/p>\n","protected":false},"author":1,"featured_media":17707,"comment_status":"open","ping_status":"closed","sticky":false,"template":"","format":"standard","meta":{"footnotes":""},"categories":[19],"tags":[],"class_list":{"0":"post-17705","1":"post","2":"type-post","3":"status-publish","4":"format-standard","5":"has-post-thumbnail","7":"category-desporto"},"amp_enabled":true,"_links":{"self":[{"href":"https:\/\/tvbelas.com\/tvbelas\/wp-json\/wp\/v2\/posts\/17705","targetHints":{"allow":["GET"]}}],"collection":[{"href":"https:\/\/tvbelas.com\/tvbelas\/wp-json\/wp\/v2\/posts"}],"about":[{"href":"https:\/\/tvbelas.com\/tvbelas\/wp-json\/wp\/v2\/types\/post"}],"author":[{"embeddable":true,"href":"https:\/\/tvbelas.com\/tvbelas\/wp-json\/wp\/v2\/users\/1"}],"replies":[{"embeddable":true,"href":"https:\/\/tvbelas.com\/tvbelas\/wp-json\/wp\/v2\/comments?post=17705"}],"version-history":[{"count":1,"href":"https:\/\/tvbelas.com\/tvbelas\/wp-json\/wp\/v2\/posts\/17705\/revisions"}],"predecessor-version":[{"id":17712,"href":"https:\/\/tvbelas.com\/tvbelas\/wp-json\/wp\/v2\/posts\/17705\/revisions\/17712"}],"wp:featuredmedia":[{"embeddable":true,"href":"https:\/\/tvbelas.com\/tvbelas\/wp-json\/wp\/v2\/media\/17707"}],"wp:attachment":[{"href":"https:\/\/tvbelas.com\/tvbelas\/wp-json\/wp\/v2\/media?parent=17705"}],"wp:term":[{"taxonomy":"category","embeddable":true,"href":"https:\/\/tvbelas.com\/tvbelas\/wp-json\/wp\/v2\/categories?post=17705"},{"taxonomy":"post_tag","embeddable":true,"href":"https:\/\/tvbelas.com\/tvbelas\/wp-json\/wp\/v2\/tags?post=17705"}],"curies":[{"name":"wp","href":"https:\/\/api.w.org\/{rel}","templated":true}]}}