{"id":17753,"date":"2025-01-26T18:34:33","date_gmt":"2025-01-26T17:34:33","guid":{"rendered":"http:\/\/tvbelas.com\/tvbelas\/?p=17753"},"modified":"2025-01-26T18:34:37","modified_gmt":"2025-01-26T17:34:37","slug":"multidao-acompanha-kudurista-mano-chaba-a-ultima-morada","status":"publish","type":"post","link":"https:\/\/tvbelas.com\/tvbelas\/noticias\/sociedade\/multidao-acompanha-kudurista-mano-chaba-a-ultima-morada\/","title":{"rendered":"MULTID\u00c3O ACOMPANHA KUDURISTA MANO CHABA A \u00daLTIMA MORADA"},"content":{"rendered":"\n<p>Perto de 20 mil pessoas, entre familiares, f\u00e3s, amigos e colegas deslocaram-se neste Domingo 26 de Janeiro ao cemit\u00e9rio do 14 para o \u00faltimo adeus ao M\u00fasico Mano Chaba.<\/p>\n\n\n\n<p>Com cerca de 3 mil agentes da pol\u00edcia a assegurar o funeral, verdade \u00e9 que<br>a grande multid\u00e3o foi dif\u00edcil de controlar e travar, tendo sido necess\u00e1rio, segundo fontes, o uso de g\u00e1s lacrimog\u00e9neo.<\/p>\n\n\n\n<p>O momento foi infelizmente aproveitado por maus feitores que fizeram das suas durante o percurso do funeral, dizem relatos.<\/p>\n\n\n\n<p>Segundo o correio da Kianda, minutos depois da viatura que transportava a urna do m\u00fasico ter sa\u00eddo do campo do pombal, Bairro Boa Esperan\u00e7a, no Munic\u00edpio do Cacuaco, onde decorreu o vel\u00f3rio, o Correio da Kianda flagrou tr\u00eas assaltos seguidos, de telem\u00f3veis de cidad\u00e3os que seguiam a p\u00e9, acompanhando a caravana do cortejo f\u00fanebre<\/p>\n\n\n\n<p>O primeiro, foi protagonizado por dois jovens, que puxaram a for\u00e7a um telem\u00f3vel de uma jovem, quando esta filmava a multid\u00e3o.<\/p>\n\n\n\n<p>O segundo flagrado pelo Correio da Kianda, o modus-operandi foi quase semelhante ao primeiro, mas, com g\u00eanero diferente.<\/p>\n\n\n\n<p>Foi alvo de assalto, um cidad\u00e3o que aparenta ter 50 anos. Foi assaltado, quando em l\u00e1grimas, fazia v\u00eddeo-chamada com o seu filho, que disse, ao Correio da Kianda, ter sido um grande f\u00e3 de \u201cMano Chaba\u201d. Puxaram-lhe o telem\u00f3vel, os meliantes e esconderam-se na multid\u00e3o.<\/p>\n\n\n\n<p>Tv Belas, Juntos Criamos a Nossa Hist\u00f3ria.<\/p>\n\n\n\n<figure class=\"wp-block-gallery has-nested-images columns-default is-cropped wp-block-gallery-1 is-layout-flex wp-block-gallery-is-layout-flex\">\n<figure class=\"wp-block-image size-large\"><img loading=\"lazy\" decoding=\"async\" width=\"720\" height=\"703\" data-id=\"17754\" src=\"http:\/\/tvbelas.com\/tvbelas\/wp-content\/uploads\/2025\/01\/72929ace-599b-4713-8842-b1345751f3a4.jpg\" alt=\"\" class=\"wp-image-17754\" srcset=\"https:\/\/tvbelas.com\/tvbelas\/wp-content\/uploads\/2025\/01\/72929ace-599b-4713-8842-b1345751f3a4.jpg 720w, https:\/\/tvbelas.com\/tvbelas\/wp-content\/uploads\/2025\/01\/72929ace-599b-4713-8842-b1345751f3a4-300x293.jpg 300w, https:\/\/tvbelas.com\/tvbelas\/wp-content\/uploads\/2025\/01\/72929ace-599b-4713-8842-b1345751f3a4-150x146.jpg 150w, https:\/\/tvbelas.com\/tvbelas\/wp-content\/uploads\/2025\/01\/72929ace-599b-4713-8842-b1345751f3a4-696x680.jpg 696w, https:\/\/tvbelas.com\/tvbelas\/wp-content\/uploads\/2025\/01\/72929ace-599b-4713-8842-b1345751f3a4-430x420.jpg 430w\" sizes=\"auto, (max-width: 720px) 100vw, 720px\" \/><\/figure>\n\n\n\n<figure class=\"wp-block-image size-large\"><img loading=\"lazy\" decoding=\"async\" width=\"461\" height=\"1024\" data-id=\"17755\" src=\"http:\/\/tvbelas.com\/tvbelas\/wp-content\/uploads\/2025\/01\/f915c4dc-1bd3-49d6-a3c2-6b8752f37d92-461x1024.jpg\" alt=\"\" class=\"wp-image-17755\" srcset=\"https:\/\/tvbelas.com\/tvbelas\/wp-content\/uploads\/2025\/01\/f915c4dc-1bd3-49d6-a3c2-6b8752f37d92-461x1024.jpg 461w, https:\/\/tvbelas.com\/tvbelas\/wp-content\/uploads\/2025\/01\/f915c4dc-1bd3-49d6-a3c2-6b8752f37d92-135x300.jpg 135w, https:\/\/tvbelas.com\/tvbelas\/wp-content\/uploads\/2025\/01\/f915c4dc-1bd3-49d6-a3c2-6b8752f37d92-150x333.jpg 150w, https:\/\/tvbelas.com\/tvbelas\/wp-content\/uploads\/2025\/01\/f915c4dc-1bd3-49d6-a3c2-6b8752f37d92-300x667.jpg 300w, https:\/\/tvbelas.com\/tvbelas\/wp-content\/uploads\/2025\/01\/f915c4dc-1bd3-49d6-a3c2-6b8752f37d92-189x420.jpg 189w, https:\/\/tvbelas.com\/tvbelas\/wp-content\/uploads\/2025\/01\/f915c4dc-1bd3-49d6-a3c2-6b8752f37d92.jpg 468w\" sizes=\"auto, (max-width: 461px) 100vw, 461px\" \/><\/figure>\n<\/figure>\n","protected":false},"excerpt":{"rendered":"<p>Perto de 20 mil pessoas, entre familiares, f\u00e3s, amigos e colegas deslocaram-se neste Domingo 26 de Janeiro ao cemit\u00e9rio do 14 para o \u00faltimo adeus ao M\u00fasico Mano Chaba. Com cerca de 3 mil agentes da pol\u00edcia a assegurar o funeral, verdade \u00e9 quea grande multid\u00e3o foi dif\u00edcil de controlar e travar, tendo sido necess\u00e1rio, [&hellip;]<\/p>\n","protected":false},"author":1,"featured_media":17754,"comment_status":"open","ping_status":"closed","sticky":false,"template":"","format":"standard","meta":{"footnotes":""},"categories":[15],"tags":[],"class_list":{"0":"post-17753","1":"post","2":"type-post","3":"status-publish","4":"format-standard","5":"has-post-thumbnail","7":"category-sociedade"},"amp_enabled":true,"_links":{"self":[{"href":"https:\/\/tvbelas.com\/tvbelas\/wp-json\/wp\/v2\/posts\/17753","targetHints":{"allow":["GET"]}}],"collection":[{"href":"https:\/\/tvbelas.com\/tvbelas\/wp-json\/wp\/v2\/posts"}],"about":[{"href":"https:\/\/tvbelas.com\/tvbelas\/wp-json\/wp\/v2\/types\/post"}],"author":[{"embeddable":true,"href":"https:\/\/tvbelas.com\/tvbelas\/wp-json\/wp\/v2\/users\/1"}],"replies":[{"embeddable":true,"href":"https:\/\/tvbelas.com\/tvbelas\/wp-json\/wp\/v2\/comments?post=17753"}],"version-history":[{"count":1,"href":"https:\/\/tvbelas.com\/tvbelas\/wp-json\/wp\/v2\/posts\/17753\/revisions"}],"predecessor-version":[{"id":17756,"href":"https:\/\/tvbelas.com\/tvbelas\/wp-json\/wp\/v2\/posts\/17753\/revisions\/17756"}],"wp:featuredmedia":[{"embeddable":true,"href":"https:\/\/tvbelas.com\/tvbelas\/wp-json\/wp\/v2\/media\/17754"}],"wp:attachment":[{"href":"https:\/\/tvbelas.com\/tvbelas\/wp-json\/wp\/v2\/media?parent=17753"}],"wp:term":[{"taxonomy":"category","embeddable":true,"href":"https:\/\/tvbelas.com\/tvbelas\/wp-json\/wp\/v2\/categories?post=17753"},{"taxonomy":"post_tag","embeddable":true,"href":"https:\/\/tvbelas.com\/tvbelas\/wp-json\/wp\/v2\/tags?post=17753"}],"curies":[{"name":"wp","href":"https:\/\/api.w.org\/{rel}","templated":true}]}}