{"id":17839,"date":"2025-02-22T14:00:09","date_gmt":"2025-02-22T13:00:09","guid":{"rendered":"http:\/\/tvbelas.com\/tvbelas\/?p=17839"},"modified":"2025-02-22T14:00:13","modified_gmt":"2025-02-22T13:00:13","slug":"fab-explica-ausencia-do-selecionador-nacional-na-janela-para-o-afrobasket-na-libia","status":"publish","type":"post","link":"https:\/\/tvbelas.com\/tvbelas\/noticias\/desporto\/fab-explica-ausencia-do-selecionador-nacional-na-janela-para-o-afrobasket-na-libia\/","title":{"rendered":"FAB EXPLICA AUS\u00caNCIA DO SELECIONADOR NACIONAL NA JANELA PARA O AFROBASKET NA L\u00cdBIA"},"content":{"rendered":"\n<p>A Federa\u00e7\u00e3o angolana de basquetebol, FAB emitiu neste s\u00e1bado um comunicado de imprensa onde informa as raz\u00f5es da aus\u00eancia do treinador Espanhol Pepe Claros na fase de apuramento ao Afrobasket 2025 que ter\u00e1 lugar em Angola.<\/p>\n\n\n\n<p>&#8221; A Federa\u00e7\u00e3o Angolana de Basquetebol (FAB) informa que o seleccionador nacional, Pepe Clar\u00f3s, encontra-se impossibilitado de acompanhar a Sele\u00e7\u00e3o Nacional nesta fase da qualifica\u00e7\u00e3o para o AfroBasket 2025, devido a um quadro de paludismo.<\/p>\n\n\n\n<p>Por orienta\u00e7\u00e3o m\u00e9dica, o t\u00e9cnico encontra-se em recupera\u00e7\u00e3o e, por este motivo, n\u00e3o poder\u00e1 estar presente nos pr\u00f3ximos compromissos da selec\u00e7\u00e3o.<\/p>\n\n\n\n<p>Diante desta situa\u00e7\u00e3o, a comiss\u00e3o t\u00e9cnica adjunta assume a responsabilidade de conduzir a selec\u00e7\u00e3o nos desafios que restam desta janela de qualifica\u00e7\u00e3o, garantindo a continuidade do trabalho e da estrat\u00e9gia definida para a selec\u00e7\u00e3o.<\/p>\n\n\n\n<p>A FAB e toda a delega\u00e7\u00e3o nacional desejam uma r\u00e1pida e plena recupera\u00e7\u00e3o ao seleccionador Pepe Clar\u00f3s e reafirmam o compromisso de manter a competitividade e a dedica\u00e7\u00e3o dentro de campo&#8221; diz o comunicado da FAB sobre a aus\u00eancia do treinador Pepe Claros.<\/p>\n\n\n\n<p>De referir que o Cinco angolano que j\u00e1 est\u00e1 qualificado para o Campeonato Africano s\u00e9nior masculino de basquetebol que Angola vai organizar em Agosto do corrente ano nas cidades de Luanda, Benguela, Lubango e Mo\u00e7\u00e2medes, disputa a janela da Fiba \u00c1frica que decore em Tr\u00edpoli.<\/p>\n\n\n\n<p>Na estreia Angola perdeu nesta sexta feira por 65-66 diante da Guin\u00e9 Conacry, sendo que nesta s\u00e1bado enfrenta o Kenya e Domingo a Tun\u00edsia.<\/p>\n\n\n\n<p>TV Belas, Juntos Criamos a Nossa Hist\u00f3ria.<\/p>\n\n\n\n<figure class=\"wp-block-image size-full\"><img loading=\"lazy\" decoding=\"async\" width=\"866\" height=\"714\" src=\"http:\/\/tvbelas.com\/tvbelas\/wp-content\/uploads\/2025\/02\/480492648_1138885514914683_7080061375119999910_n.jpg\" alt=\"\" class=\"wp-image-17840\" srcset=\"https:\/\/tvbelas.com\/tvbelas\/wp-content\/uploads\/2025\/02\/480492648_1138885514914683_7080061375119999910_n.jpg 866w, https:\/\/tvbelas.com\/tvbelas\/wp-content\/uploads\/2025\/02\/480492648_1138885514914683_7080061375119999910_n-300x247.jpg 300w, https:\/\/tvbelas.com\/tvbelas\/wp-content\/uploads\/2025\/02\/480492648_1138885514914683_7080061375119999910_n-768x633.jpg 768w, https:\/\/tvbelas.com\/tvbelas\/wp-content\/uploads\/2025\/02\/480492648_1138885514914683_7080061375119999910_n-150x124.jpg 150w, https:\/\/tvbelas.com\/tvbelas\/wp-content\/uploads\/2025\/02\/480492648_1138885514914683_7080061375119999910_n-696x574.jpg 696w, https:\/\/tvbelas.com\/tvbelas\/wp-content\/uploads\/2025\/02\/480492648_1138885514914683_7080061375119999910_n-509x420.jpg 509w\" sizes=\"auto, (max-width: 866px) 100vw, 866px\" \/><\/figure>\n","protected":false},"excerpt":{"rendered":"<p>A Federa\u00e7\u00e3o angolana de basquetebol, FAB emitiu neste s\u00e1bado um comunicado de imprensa onde informa as raz\u00f5es da aus\u00eancia do treinador Espanhol Pepe Claros na fase de apuramento ao Afrobasket 2025 que ter\u00e1 lugar em Angola. &#8221; A Federa\u00e7\u00e3o Angolana de Basquetebol (FAB) informa que o seleccionador nacional, Pepe Clar\u00f3s, encontra-se impossibilitado de acompanhar a [&hellip;]<\/p>\n","protected":false},"author":1,"featured_media":17840,"comment_status":"open","ping_status":"closed","sticky":false,"template":"","format":"standard","meta":{"footnotes":""},"categories":[19],"tags":[],"class_list":{"0":"post-17839","1":"post","2":"type-post","3":"status-publish","4":"format-standard","5":"has-post-thumbnail","7":"category-desporto"},"amp_enabled":true,"_links":{"self":[{"href":"https:\/\/tvbelas.com\/tvbelas\/wp-json\/wp\/v2\/posts\/17839","targetHints":{"allow":["GET"]}}],"collection":[{"href":"https:\/\/tvbelas.com\/tvbelas\/wp-json\/wp\/v2\/posts"}],"about":[{"href":"https:\/\/tvbelas.com\/tvbelas\/wp-json\/wp\/v2\/types\/post"}],"author":[{"embeddable":true,"href":"https:\/\/tvbelas.com\/tvbelas\/wp-json\/wp\/v2\/users\/1"}],"replies":[{"embeddable":true,"href":"https:\/\/tvbelas.com\/tvbelas\/wp-json\/wp\/v2\/comments?post=17839"}],"version-history":[{"count":1,"href":"https:\/\/tvbelas.com\/tvbelas\/wp-json\/wp\/v2\/posts\/17839\/revisions"}],"predecessor-version":[{"id":17841,"href":"https:\/\/tvbelas.com\/tvbelas\/wp-json\/wp\/v2\/posts\/17839\/revisions\/17841"}],"wp:featuredmedia":[{"embeddable":true,"href":"https:\/\/tvbelas.com\/tvbelas\/wp-json\/wp\/v2\/media\/17840"}],"wp:attachment":[{"href":"https:\/\/tvbelas.com\/tvbelas\/wp-json\/wp\/v2\/media?parent=17839"}],"wp:term":[{"taxonomy":"category","embeddable":true,"href":"https:\/\/tvbelas.com\/tvbelas\/wp-json\/wp\/v2\/categories?post=17839"},{"taxonomy":"post_tag","embeddable":true,"href":"https:\/\/tvbelas.com\/tvbelas\/wp-json\/wp\/v2\/tags?post=17839"}],"curies":[{"name":"wp","href":"https:\/\/api.w.org\/{rel}","templated":true}]}}