{"id":17900,"date":"2025-03-24T12:02:33","date_gmt":"2025-03-24T11:02:33","guid":{"rendered":"http:\/\/tvbelas.com\/tvbelas\/?p=17900"},"modified":"2025-03-24T15:57:31","modified_gmt":"2025-03-24T14:57:31","slug":"dr-mario-fernandes-na-pole-para-presidencia-do-comite-olimpico-angolano","status":"publish","type":"post","link":"https:\/\/tvbelas.com\/tvbelas\/noticias\/desporto\/dr-mario-fernandes-na-pole-para-presidencia-do-comite-olimpico-angolano\/","title":{"rendered":"DR. M\u00c1RIO FERNANDES NA POLE POSITION PARA PRESID\u00caNCIA DO COMIT\u00c9 OLIMPICO ANGOLANO"},"content":{"rendered":"\n<p>A TV Belas apurou com exclusividade que o M\u00e9dico e ex Presidente da Federa\u00e7\u00e3o angolana de Nata\u00e7\u00e3o, Dr M\u00e1rio Fernandes \u00e9 o preferido de muitas Federa\u00e7\u00f5es nacionais para dirigir o Comit\u00e9 Ol\u00edmpico Angolano, COA.&nbsp;<\/p>\n\n\n\n<p>Conhe\u00e7a um pouco da folha profissional do futuro candidato:&nbsp;<\/p>\n\n\n\n<p>M\u00e9dico Cardiologista<\/p>\n\n\n\n<p>Ex-Director Geral do Hospital Am\u00e9rico Boavida.<\/p>\n\n\n\n<p>Ex-Director Geral do Instituto Nacional de Emerg\u00eancias Medicas de Angola (INEMA).<\/p>\n\n\n\n<p>Ex-Director do Servi\u00e7o de Cardiologia do Hospital Am\u00e9rico Boavida.<\/p>\n\n\n\n<p>Ex-Presidente e fundador da Sociedade Angolana de Doen\u00e7as Cardiovasculares.<\/p>\n\n\n\n<p>Ex-Presidente da Federa\u00e7\u00e3o das Sociedades de Cardiologia de L\u00edngua Portuguesa.<\/p>\n\n\n\n<p>Docente convidado da Universidade Agostinho Neto<\/p>\n\n\n\n<p>Ex-Presidente da Federa\u00e7\u00e3o Angolana de Nata\u00e7\u00e3o.<\/p>\n\n\n\n<p>Vice-Presidente da Zona IV da CANA.<\/p>\n\n\n\n<p>Ex-Vice President Confederation Africaine de Natation.<\/p>\n\n\n\n<p>Coordenador da comiss\u00e3o m\u00e9dica do Comit\u00e9 Ol\u00edmpico Angolano.<\/p>\n\n\n\n<p>Chefe m\u00e9dico da miss\u00e3o Ol\u00edmpica angolana Paris2024.<\/p>\n\n\n\n<p>Ex-Membro do Bureau da Federa\u00e7\u00e3o Internacional de Nata\u00e7\u00e3o Amadora.<\/p>\n\n\n\n<p>Membro da Comiss\u00e3o Executiva do Comit\u00ea Olimpico.&nbsp; &nbsp; &nbsp; &nbsp; &nbsp; &nbsp; &nbsp; &nbsp; &nbsp; &nbsp; &nbsp; &nbsp;<\/p>\n\n\n\n<p>De referir que no presente ano o COA vai realizar o processo de renova\u00e7\u00e3o de mandato, sem ser conhecido at\u00e9 agora a data efectiva para o Acto. &nbsp; &nbsp; &nbsp; &nbsp; &nbsp; &nbsp; &nbsp; &nbsp; &nbsp; &nbsp;<\/p>\n\n\n\n<p>De referir que na \u00faltima semana, o Minist\u00e9rio da Juventude e Desportos de Angola em nome de todos os jovens e desportistas do nosso Pa\u00eds, felicitou calorosamente Kirsty Coventry pela sua hist\u00f3rica elei\u00e7\u00e3o como Presidente do Comit\u00e9 Ol\u00edmpico Internacional.&nbsp;<\/p>\n\n\n\n<p>Como primeira mulher e primeira africana a ocupar este cargo, Kirsty representa n\u00e3o apenas um triunfo pessoal, mas tamb\u00e9m um marco significativo para o progresso e a inclus\u00e3o no desporto mundial, escreveu numa mensagem o Ministro da Juventude e Desportos, Rui Falc\u00e3o Pinto de Andrade.<\/p>\n\n\n\n<p>TV Belas Juntos Criamos a Nossa Hist\u00f3ria.<\/p>\n\n\n\n<figure class=\"wp-block-gallery has-nested-images columns-default is-cropped wp-block-gallery-1 is-layout-flex wp-block-gallery-is-layout-flex\">\n<figure class=\"wp-block-image size-large\"><img loading=\"lazy\" decoding=\"async\" width=\"1024\" height=\"770\" data-id=\"17901\" src=\"http:\/\/tvbelas.com\/tvbelas\/wp-content\/uploads\/2025\/03\/PHOTO-2025-03-24-10-25-31-1024x770.jpg\" alt=\"\" class=\"wp-image-17901\" srcset=\"https:\/\/tvbelas.com\/tvbelas\/wp-content\/uploads\/2025\/03\/PHOTO-2025-03-24-10-25-31-1024x770.jpg 1024w, https:\/\/tvbelas.com\/tvbelas\/wp-content\/uploads\/2025\/03\/PHOTO-2025-03-24-10-25-31-300x226.jpg 300w, https:\/\/tvbelas.com\/tvbelas\/wp-content\/uploads\/2025\/03\/PHOTO-2025-03-24-10-25-31-768x577.jpg 768w, https:\/\/tvbelas.com\/tvbelas\/wp-content\/uploads\/2025\/03\/PHOTO-2025-03-24-10-25-31-150x113.jpg 150w, https:\/\/tvbelas.com\/tvbelas\/wp-content\/uploads\/2025\/03\/PHOTO-2025-03-24-10-25-31-696x523.jpg 696w, https:\/\/tvbelas.com\/tvbelas\/wp-content\/uploads\/2025\/03\/PHOTO-2025-03-24-10-25-31-1068x803.jpg 1068w, https:\/\/tvbelas.com\/tvbelas\/wp-content\/uploads\/2025\/03\/PHOTO-2025-03-24-10-25-31-559x420.jpg 559w, https:\/\/tvbelas.com\/tvbelas\/wp-content\/uploads\/2025\/03\/PHOTO-2025-03-24-10-25-31-265x198.jpg 265w, https:\/\/tvbelas.com\/tvbelas\/wp-content\/uploads\/2025\/03\/PHOTO-2025-03-24-10-25-31.jpg 1080w\" sizes=\"auto, (max-width: 1024px) 100vw, 1024px\" \/><\/figure>\n\n\n\n<figure class=\"wp-block-image size-large\"><img loading=\"lazy\" decoding=\"async\" width=\"863\" height=\"1024\" data-id=\"17902\" src=\"http:\/\/tvbelas.com\/tvbelas\/wp-content\/uploads\/2025\/03\/PHOTO-2025-03-24-10-23-41-863x1024.jpg\" alt=\"\" class=\"wp-image-17902\" srcset=\"https:\/\/tvbelas.com\/tvbelas\/wp-content\/uploads\/2025\/03\/PHOTO-2025-03-24-10-23-41-863x1024.jpg 863w, https:\/\/tvbelas.com\/tvbelas\/wp-content\/uploads\/2025\/03\/PHOTO-2025-03-24-10-23-41-253x300.jpg 253w, https:\/\/tvbelas.com\/tvbelas\/wp-content\/uploads\/2025\/03\/PHOTO-2025-03-24-10-23-41-768x912.jpg 768w, https:\/\/tvbelas.com\/tvbelas\/wp-content\/uploads\/2025\/03\/PHOTO-2025-03-24-10-23-41-150x178.jpg 150w, https:\/\/tvbelas.com\/tvbelas\/wp-content\/uploads\/2025\/03\/PHOTO-2025-03-24-10-23-41-300x356.jpg 300w, https:\/\/tvbelas.com\/tvbelas\/wp-content\/uploads\/2025\/03\/PHOTO-2025-03-24-10-23-41-696x826.jpg 696w, https:\/\/tvbelas.com\/tvbelas\/wp-content\/uploads\/2025\/03\/PHOTO-2025-03-24-10-23-41-1068x1268.jpg 1068w, https:\/\/tvbelas.com\/tvbelas\/wp-content\/uploads\/2025\/03\/PHOTO-2025-03-24-10-23-41-354x420.jpg 354w, https:\/\/tvbelas.com\/tvbelas\/wp-content\/uploads\/2025\/03\/PHOTO-2025-03-24-10-23-41.jpg 1208w\" sizes=\"auto, (max-width: 863px) 100vw, 863px\" \/><\/figure>\n\n\n\n<figure class=\"wp-block-image size-large\"><img loading=\"lazy\" decoding=\"async\" width=\"799\" height=\"1024\" data-id=\"17903\" src=\"http:\/\/tvbelas.com\/tvbelas\/wp-content\/uploads\/2025\/03\/PHOTO-2025-03-24-10-23-14-799x1024.jpg\" alt=\"\" class=\"wp-image-17903\" srcset=\"https:\/\/tvbelas.com\/tvbelas\/wp-content\/uploads\/2025\/03\/PHOTO-2025-03-24-10-23-14-799x1024.jpg 799w, https:\/\/tvbelas.com\/tvbelas\/wp-content\/uploads\/2025\/03\/PHOTO-2025-03-24-10-23-14-234x300.jpg 234w, https:\/\/tvbelas.com\/tvbelas\/wp-content\/uploads\/2025\/03\/PHOTO-2025-03-24-10-23-14-768x984.jpg 768w, https:\/\/tvbelas.com\/tvbelas\/wp-content\/uploads\/2025\/03\/PHOTO-2025-03-24-10-23-14-1199x1536.jpg 1199w, https:\/\/tvbelas.com\/tvbelas\/wp-content\/uploads\/2025\/03\/PHOTO-2025-03-24-10-23-14-150x192.jpg 150w, https:\/\/tvbelas.com\/tvbelas\/wp-content\/uploads\/2025\/03\/PHOTO-2025-03-24-10-23-14-300x384.jpg 300w, https:\/\/tvbelas.com\/tvbelas\/wp-content\/uploads\/2025\/03\/PHOTO-2025-03-24-10-23-14-696x892.jpg 696w, https:\/\/tvbelas.com\/tvbelas\/wp-content\/uploads\/2025\/03\/PHOTO-2025-03-24-10-23-14-1068x1368.jpg 1068w, https:\/\/tvbelas.com\/tvbelas\/wp-content\/uploads\/2025\/03\/PHOTO-2025-03-24-10-23-14-328x420.jpg 328w, https:\/\/tvbelas.com\/tvbelas\/wp-content\/uploads\/2025\/03\/PHOTO-2025-03-24-10-23-14.jpg 1249w\" sizes=\"auto, (max-width: 799px) 100vw, 799px\" \/><\/figure>\n<\/figure>\n","protected":false},"excerpt":{"rendered":"<p>A TV Belas apurou com exclusividade que o M\u00e9dico e ex Presidente da Federa\u00e7\u00e3o angolana de Nata\u00e7\u00e3o, Dr M\u00e1rio Fernandes \u00e9 o preferido de muitas Federa\u00e7\u00f5es nacionais para dirigir o Comit\u00e9 Ol\u00edmpico Angolano, COA.&nbsp; Conhe\u00e7a um pouco da folha profissional do futuro candidato:&nbsp; M\u00e9dico Cardiologista Ex-Director Geral do Hospital Am\u00e9rico Boavida. Ex-Director Geral do Instituto [&hellip;]<\/p>\n","protected":false},"author":1,"featured_media":17903,"comment_status":"open","ping_status":"closed","sticky":false,"template":"","format":"standard","meta":{"footnotes":""},"categories":[19],"tags":[],"class_list":{"0":"post-17900","1":"post","2":"type-post","3":"status-publish","4":"format-standard","5":"has-post-thumbnail","7":"category-desporto"},"amp_enabled":true,"_links":{"self":[{"href":"https:\/\/tvbelas.com\/tvbelas\/wp-json\/wp\/v2\/posts\/17900","targetHints":{"allow":["GET"]}}],"collection":[{"href":"https:\/\/tvbelas.com\/tvbelas\/wp-json\/wp\/v2\/posts"}],"about":[{"href":"https:\/\/tvbelas.com\/tvbelas\/wp-json\/wp\/v2\/types\/post"}],"author":[{"embeddable":true,"href":"https:\/\/tvbelas.com\/tvbelas\/wp-json\/wp\/v2\/users\/1"}],"replies":[{"embeddable":true,"href":"https:\/\/tvbelas.com\/tvbelas\/wp-json\/wp\/v2\/comments?post=17900"}],"version-history":[{"count":2,"href":"https:\/\/tvbelas.com\/tvbelas\/wp-json\/wp\/v2\/posts\/17900\/revisions"}],"predecessor-version":[{"id":17905,"href":"https:\/\/tvbelas.com\/tvbelas\/wp-json\/wp\/v2\/posts\/17900\/revisions\/17905"}],"wp:featuredmedia":[{"embeddable":true,"href":"https:\/\/tvbelas.com\/tvbelas\/wp-json\/wp\/v2\/media\/17903"}],"wp:attachment":[{"href":"https:\/\/tvbelas.com\/tvbelas\/wp-json\/wp\/v2\/media?parent=17900"}],"wp:term":[{"taxonomy":"category","embeddable":true,"href":"https:\/\/tvbelas.com\/tvbelas\/wp-json\/wp\/v2\/categories?post=17900"},{"taxonomy":"post_tag","embeddable":true,"href":"https:\/\/tvbelas.com\/tvbelas\/wp-json\/wp\/v2\/tags?post=17900"}],"curies":[{"name":"wp","href":"https:\/\/api.w.org\/{rel}","templated":true}]}}