{"id":18115,"date":"2025-07-27T21:59:27","date_gmt":"2025-07-27T20:59:27","guid":{"rendered":"http:\/\/tvbelas.com\/tvbelas\/?p=18115"},"modified":"2025-07-27T21:59:31","modified_gmt":"2025-07-27T20:59:31","slug":"infantino-inaugura-o-primeiro-escritorio-regional-africano-da-fifa-no-reino-de-marrocos","status":"publish","type":"post","link":"https:\/\/tvbelas.com\/tvbelas\/noticias\/desporto\/infantino-inaugura-o-primeiro-escritorio-regional-africano-da-fifa-no-reino-de-marrocos\/","title":{"rendered":"INFANTINO INAUGURA O PRIMEIRO ESCRIT\u00d3RIO REGIONAL AFRICANO DA FIFA NO REINO DE MARROCOS."},"content":{"rendered":"\n<p>O escrit\u00f3rio Africano da Federa\u00e7\u00e3o Internacional de Futebol (FIFA) foi inaugurado no s\u00e1bado, 26 de julho de 2025, no complexo de futebol Mohammed VI em Sal\u00e9, durante uma cerim\u00f4nia presidida pelo presidente da FIFA, Gianni Infantino.<\/p>\n\n\n\n<p>Esta cerim\u00f3nia teve lugar na presen\u00e7a do presidente da Confedera\u00e7\u00e3o Africana de Futebol (CAF), Patrice Motsepe, do presidente da Real Federa\u00e7\u00e3o Marroquina de <a><\/a>Futebol (FRMF), Fouzi Lekjaa e v\u00e1rias outras personalidades.<\/p>\n\n\n\n<p>Na ocasi\u00e3o, o presidente da FIFA declarou que &#8221; Este \u00e9 um momento hist\u00f3rico e um dia de celebra\u00e7\u00e3o e felicidade que ficar\u00e1 gravado em letras de ouro na hist\u00f3ria da FIFA e do futebol em \u00c1frica, em Marrocos e no mundo&#8221;, agradecendo a Sua Majestade o Rei Mohammed VI pelo impulso dado ao desenvolvimento do desporto no continente.<\/p>\n\n\n\n<p>Infantino afirmou ainda que o Complexo de Futebol Mohammed VI, que abriga o escrit\u00f3rio da FIFA em \u00c1frica, se tornou um centro nevr\u00e1lgico do futebol africano e uma testemunha de um pa\u00eds e de um continente projetados para o futuro.<\/p>\n\n\n\n<p>Por sua vez, o presidente da CAF, Patrice Motsepe, comemorou a inaugura\u00e7\u00e3o do escrit\u00f3rio da FIFA em \u00c1frica, no Reino de Marrocos, dizendo que &#8221; n\u00e3o se poderia encontrar um lugar melhor para instalar tal escrit\u00f3rio &#8220;. Nesse sentido, Motsepe agradeceu ao Rei de Marrocos por seus esfor\u00e7os cont\u00ednuos em prol do futebol no continente. Ap\u00f3s destacar o desempenho das selec\u00e7\u00f5es africanas na \u00faltima Copa do Mundo no Catar, em particular da selec\u00e7\u00e3o marroquina, que se classificou para as meias-finais, o presidente da CAF afirmou estar convencido de que o futebol africano reinar\u00e1 supremo no planeta nos pr\u00f3ximos anos.<\/p>\n\n\n\n<p>Por sua vez, o presidente da Real Federa\u00e7\u00e3o Marroquina de Futebol, Faouzi Lekja, enfatizou que &#8220;o complexo de futebol Mohammed VI, que abriga o escrit\u00f3rio da FIFA em \u00c1frica, foi constru\u00eddo gra\u00e7as \u00e0 vis\u00e3o de Sua Majestade o Rei Mohammed VI&#8221;. Uma vis\u00e3o, segundo a autoridade marroquina, que aspira fazer de Marrocos uma terra acolhedora e um ponto de encontro para potencias de todo o mundo.<\/p>\n\n\n\n<figure class=\"wp-block-image size-large\"><img loading=\"lazy\" decoding=\"async\" width=\"1024\" height=\"587\" src=\"http:\/\/tvbelas.com\/tvbelas\/wp-content\/uploads\/2025\/07\/PHOTO-2025-07-26-22-37-01-1024x587.jpg\" alt=\"\" class=\"wp-image-18116\" srcset=\"https:\/\/tvbelas.com\/tvbelas\/wp-content\/uploads\/2025\/07\/PHOTO-2025-07-26-22-37-01-1024x587.jpg 1024w, https:\/\/tvbelas.com\/tvbelas\/wp-content\/uploads\/2025\/07\/PHOTO-2025-07-26-22-37-01-300x172.jpg 300w, https:\/\/tvbelas.com\/tvbelas\/wp-content\/uploads\/2025\/07\/PHOTO-2025-07-26-22-37-01-768x440.jpg 768w, https:\/\/tvbelas.com\/tvbelas\/wp-content\/uploads\/2025\/07\/PHOTO-2025-07-26-22-37-01-150x86.jpg 150w, https:\/\/tvbelas.com\/tvbelas\/wp-content\/uploads\/2025\/07\/PHOTO-2025-07-26-22-37-01-696x399.jpg 696w, https:\/\/tvbelas.com\/tvbelas\/wp-content\/uploads\/2025\/07\/PHOTO-2025-07-26-22-37-01-1068x613.jpg 1068w, https:\/\/tvbelas.com\/tvbelas\/wp-content\/uploads\/2025\/07\/PHOTO-2025-07-26-22-37-01-732x420.jpg 732w, https:\/\/tvbelas.com\/tvbelas\/wp-content\/uploads\/2025\/07\/PHOTO-2025-07-26-22-37-01.jpg 1170w\" sizes=\"auto, (max-width: 1024px) 100vw, 1024px\" \/><\/figure>\n","protected":false},"excerpt":{"rendered":"<p>O escrit\u00f3rio Africano da Federa\u00e7\u00e3o Internacional de Futebol (FIFA) foi inaugurado no s\u00e1bado, 26 de julho de 2025, no complexo de futebol Mohammed VI em Sal\u00e9, durante uma cerim\u00f4nia presidida pelo presidente da FIFA, Gianni Infantino. Esta cerim\u00f3nia teve lugar na presen\u00e7a do presidente da Confedera\u00e7\u00e3o Africana de Futebol (CAF), Patrice Motsepe, do presidente da [&hellip;]<\/p>\n","protected":false},"author":1,"featured_media":18116,"comment_status":"open","ping_status":"closed","sticky":false,"template":"","format":"standard","meta":{"footnotes":""},"categories":[19],"tags":[],"class_list":{"0":"post-18115","1":"post","2":"type-post","3":"status-publish","4":"format-standard","5":"has-post-thumbnail","7":"category-desporto"},"amp_enabled":true,"_links":{"self":[{"href":"https:\/\/tvbelas.com\/tvbelas\/wp-json\/wp\/v2\/posts\/18115","targetHints":{"allow":["GET"]}}],"collection":[{"href":"https:\/\/tvbelas.com\/tvbelas\/wp-json\/wp\/v2\/posts"}],"about":[{"href":"https:\/\/tvbelas.com\/tvbelas\/wp-json\/wp\/v2\/types\/post"}],"author":[{"embeddable":true,"href":"https:\/\/tvbelas.com\/tvbelas\/wp-json\/wp\/v2\/users\/1"}],"replies":[{"embeddable":true,"href":"https:\/\/tvbelas.com\/tvbelas\/wp-json\/wp\/v2\/comments?post=18115"}],"version-history":[{"count":1,"href":"https:\/\/tvbelas.com\/tvbelas\/wp-json\/wp\/v2\/posts\/18115\/revisions"}],"predecessor-version":[{"id":18117,"href":"https:\/\/tvbelas.com\/tvbelas\/wp-json\/wp\/v2\/posts\/18115\/revisions\/18117"}],"wp:featuredmedia":[{"embeddable":true,"href":"https:\/\/tvbelas.com\/tvbelas\/wp-json\/wp\/v2\/media\/18116"}],"wp:attachment":[{"href":"https:\/\/tvbelas.com\/tvbelas\/wp-json\/wp\/v2\/media?parent=18115"}],"wp:term":[{"taxonomy":"category","embeddable":true,"href":"https:\/\/tvbelas.com\/tvbelas\/wp-json\/wp\/v2\/categories?post=18115"},{"taxonomy":"post_tag","embeddable":true,"href":"https:\/\/tvbelas.com\/tvbelas\/wp-json\/wp\/v2\/tags?post=18115"}],"curies":[{"name":"wp","href":"https:\/\/api.w.org\/{rel}","templated":true}]}}