{"id":18143,"date":"2025-08-06T08:50:49","date_gmt":"2025-08-06T07:50:49","guid":{"rendered":"http:\/\/tvbelas.com\/tvbelas\/?p=18143"},"modified":"2025-08-06T08:50:54","modified_gmt":"2025-08-06T07:50:54","slug":"50-mil-milhoes-de-kwanzas-de-credito-uma-resposta-consequente-ou-uma-medida-reativa","status":"publish","type":"post","link":"https:\/\/tvbelas.com\/tvbelas\/noticias\/economia-angola\/50-mil-milhoes-de-kwanzas-de-credito-uma-resposta-consequente-ou-uma-medida-reativa\/","title":{"rendered":"50 MIL MILH\u00d5ES DE KWANZAS DE CR\u00c9DITO: UMA RESPOSTA CONSEQUENTE OU UMA MEDIDA REATIVA?"},"content":{"rendered":"\n<p>O Governo angolano anunciou uma linha de cr\u00e9dito de 50 mil milh\u00f5es de kwanzas para apoiar empresas afectadas pelos actos de vandalismo ocorridos durante manifesta\u00e7\u00f5es, nomeadamente a greve dos taxistas. A medida procura responder, de forma imediata, a preju\u00edzos significativos sofridos por mais de 160 empresas.<\/p>\n\n\n\n<p>Contudo, importa reconhecer que se trata de uma resposta tardia. O financiamento, ainda que em condi\u00e7\u00f5es preferenciais, surge depois do impacto. Falta ao pa\u00eds uma estrutura preventiva capaz de proteger o tecido empresarial em momentos de instabilidade. Fundos de emerg\u00eancia, seguros empresariais acess\u00edveis e linhas de conting\u00eancia continuam ausentes ou inoperantes.<\/p>\n\n\n\n<p>\u00c9 tamb\u00e9m fundamental sublinhar que se trata de cr\u00e9dito \u2014 n\u00e3o de subven\u00e7\u00e3o. Empresas j\u00e1 fragilizadas poder\u00e3o ver-se obrigadas a contrair d\u00edvidas que n\u00e3o t\u00eam condi\u00e7\u00f5es de reembolsar, o que pode agravar o risco de incumprimento e fal\u00eancia.<\/p>\n\n\n\n<p>Al\u00e9m disso, a aus\u00eancia de crit\u00e9rios p\u00fablicos de selec\u00e7\u00e3o para os benefici\u00e1rios abre espa\u00e7o \u00e0 desconfian\u00e7a. O processo deve ser transparente, justo e escrutinado, sob pena de comprometer a credibilidade da medida.<\/p>\n\n\n\n<p>Esta linha de cr\u00e9dito n\u00e3o pode esconder um contexto mais amplo: inseguran\u00e7a, desemprego, perda de rendimentos e uma economia marcada pela imprevisibilidade. Nenhuma injec\u00e7\u00e3o pontual de capital resolver\u00e1, por si s\u00f3, um problema estrutural.<\/p>\n\n\n\n<p>Mais do que cr\u00e9dito, \u00e9 preciso estabilidade fiscal, previsibilidade nas decis\u00f5es p\u00fablicas e combate efectivo \u00e0 informalidade e \u00e0 concorr\u00eancia desleal.<\/p>\n\n\n\n<p>A medida \u00e9 oportuna, mas insuficiente. O pa\u00eds precisa de uma estrat\u00e9gia econ\u00f3mica s\u00f3lida, preventiva e orientada para a constru\u00e7\u00e3o de resili\u00eancia duradoura.<\/p>\n\n\n\n<p>Gen\u00e9sio Correia<br>Consultor em Finan\u00e7as P\u00fablicas e Estrat\u00e9gia Empresarial<\/p>\n\n\n\n<figure class=\"wp-block-image size-large\"><img loading=\"lazy\" decoding=\"async\" width=\"743\" height=\"1024\" src=\"http:\/\/tvbelas.com\/tvbelas\/wp-content\/uploads\/2025\/08\/da3bc279-5890-4756-9873-1818ff941fdf-743x1024.jpg\" alt=\"\" class=\"wp-image-18144\" srcset=\"https:\/\/tvbelas.com\/tvbelas\/wp-content\/uploads\/2025\/08\/da3bc279-5890-4756-9873-1818ff941fdf-743x1024.jpg 743w, https:\/\/tvbelas.com\/tvbelas\/wp-content\/uploads\/2025\/08\/da3bc279-5890-4756-9873-1818ff941fdf-218x300.jpg 218w, https:\/\/tvbelas.com\/tvbelas\/wp-content\/uploads\/2025\/08\/da3bc279-5890-4756-9873-1818ff941fdf-768x1058.jpg 768w, https:\/\/tvbelas.com\/tvbelas\/wp-content\/uploads\/2025\/08\/da3bc279-5890-4756-9873-1818ff941fdf-150x207.jpg 150w, https:\/\/tvbelas.com\/tvbelas\/wp-content\/uploads\/2025\/08\/da3bc279-5890-4756-9873-1818ff941fdf-300x413.jpg 300w, https:\/\/tvbelas.com\/tvbelas\/wp-content\/uploads\/2025\/08\/da3bc279-5890-4756-9873-1818ff941fdf-696x959.jpg 696w, https:\/\/tvbelas.com\/tvbelas\/wp-content\/uploads\/2025\/08\/da3bc279-5890-4756-9873-1818ff941fdf-305x420.jpg 305w, https:\/\/tvbelas.com\/tvbelas\/wp-content\/uploads\/2025\/08\/da3bc279-5890-4756-9873-1818ff941fdf.jpg 929w\" sizes=\"auto, (max-width: 743px) 100vw, 743px\" \/><\/figure>\n","protected":false},"excerpt":{"rendered":"<p>O Governo angolano anunciou uma linha de cr\u00e9dito de 50 mil milh\u00f5es de kwanzas para apoiar empresas afectadas pelos actos de vandalismo ocorridos durante manifesta\u00e7\u00f5es, nomeadamente a greve dos taxistas. A medida procura responder, de forma imediata, a preju\u00edzos significativos sofridos por mais de 160 empresas. Contudo, importa reconhecer que se trata de uma resposta [&hellip;]<\/p>\n","protected":false},"author":1,"featured_media":18144,"comment_status":"open","ping_status":"closed","sticky":false,"template":"","format":"standard","meta":{"footnotes":""},"categories":[20],"tags":[],"class_list":{"0":"post-18143","1":"post","2":"type-post","3":"status-publish","4":"format-standard","5":"has-post-thumbnail","7":"category-economia-angola"},"amp_enabled":true,"_links":{"self":[{"href":"https:\/\/tvbelas.com\/tvbelas\/wp-json\/wp\/v2\/posts\/18143","targetHints":{"allow":["GET"]}}],"collection":[{"href":"https:\/\/tvbelas.com\/tvbelas\/wp-json\/wp\/v2\/posts"}],"about":[{"href":"https:\/\/tvbelas.com\/tvbelas\/wp-json\/wp\/v2\/types\/post"}],"author":[{"embeddable":true,"href":"https:\/\/tvbelas.com\/tvbelas\/wp-json\/wp\/v2\/users\/1"}],"replies":[{"embeddable":true,"href":"https:\/\/tvbelas.com\/tvbelas\/wp-json\/wp\/v2\/comments?post=18143"}],"version-history":[{"count":1,"href":"https:\/\/tvbelas.com\/tvbelas\/wp-json\/wp\/v2\/posts\/18143\/revisions"}],"predecessor-version":[{"id":18145,"href":"https:\/\/tvbelas.com\/tvbelas\/wp-json\/wp\/v2\/posts\/18143\/revisions\/18145"}],"wp:featuredmedia":[{"embeddable":true,"href":"https:\/\/tvbelas.com\/tvbelas\/wp-json\/wp\/v2\/media\/18144"}],"wp:attachment":[{"href":"https:\/\/tvbelas.com\/tvbelas\/wp-json\/wp\/v2\/media?parent=18143"}],"wp:term":[{"taxonomy":"category","embeddable":true,"href":"https:\/\/tvbelas.com\/tvbelas\/wp-json\/wp\/v2\/categories?post=18143"},{"taxonomy":"post_tag","embeddable":true,"href":"https:\/\/tvbelas.com\/tvbelas\/wp-json\/wp\/v2\/tags?post=18143"}],"curies":[{"name":"wp","href":"https:\/\/api.w.org\/{rel}","templated":true}]}}