{"id":18168,"date":"2025-08-11T15:28:30","date_gmt":"2025-08-11T14:28:30","guid":{"rendered":"http:\/\/tvbelas.com\/tvbelas\/?p=18168"},"modified":"2025-08-11T15:28:34","modified_gmt":"2025-08-11T14:28:34","slug":"missao-oficial-na-turquia-abre-novos-caminhos-para-negocios-entre-angola-e-turquia","status":"publish","type":"post","link":"https:\/\/tvbelas.com\/tvbelas\/noticias\/economia-angola\/missao-oficial-na-turquia-abre-novos-caminhos-para-negocios-entre-angola-e-turquia\/","title":{"rendered":"MISS\u00c3O OFICIAL NA TURQUIA ABRE NOVOS CAMINHOS PARA NEG\u00d3CIOS ENTRE ANGOLA E TURQUIA"},"content":{"rendered":"\n<p>O Presidente da C\u00e2mara de Com\u00e9rcio e Ind\u00fastria Angola\u2013Turquia (CCIAT) S\u00e9rgio Campos da Concei\u00e7\u00e3o, est\u00e1 a cumprir uma agenda intensa no pa\u00eds euro-asi\u00e1tico, aproveitando o WCIFORUMTR para abrir novas frentes de coopera\u00e7\u00e3o e consolidar parcerias estrat\u00e9gicas.<\/p>\n\n\n\n<p>A miss\u00e3o n\u00e3o se limitar\u00e1 apenas a reuni\u00f5es protocolares. O dirigente est\u00e1 visitar unidades fabris de refer\u00eancia, como a Ind\u00fastria LM de Cosm\u00e9ticos, zonas francas e parques industriais, reunindo-se com empres\u00e1rios e l\u00edderes de institui\u00e7\u00f5es como a TABA \u2013 Turkish African Business Association, reconhecida pelo seu papel no fortalecimento das rela\u00e7\u00f5es econ\u00f3micas entre a Turquia e o continente africano.<\/p>\n\n\n\n<p>Olhando para o futuro: CICAT \u2013 Cidade de Investimento Comercial Angola\u2013Turquia<\/p>\n\n\n\n<p>Um dos pontos centrais desta desloca\u00e7\u00e3o \u00e9 a busca de parceiros e investidores turcos para a implementa\u00e7\u00e3o do ambicioso projecto CICAT \u2013 Cidade de Investimento Comercial Angola\u2013Turquia.<\/p>\n\n\n\n<p>Este espa\u00e7o ser\u00e1 concebido para atrair micro, pequenos e m\u00e9dios empres\u00e1rios turcos que queiram investir, produzir e distribuir em Angola, concretamente na Prov\u00edncia do Huambo, criando um ecossistema empresarial inovador, com infra-estruturas modernas e facilidades log\u00edsticas para impulsionar o com\u00e9rcio bilateral.<\/p>\n\n\n\n<p>O Presidente da CCIAT sublinha que \u201ceste projecto n\u00e3o \u00e9 apenas sobre neg\u00f3cios, \u00e9 sobre criar um corredor econ\u00f3mico sustent\u00e1vel, que una capacidades industriais turcas com as oportunidades de mercado e os recursos de Angola\u201d. S\u00e9rgio Concei\u00e7ao, advoga que os micros, pequenos e m\u00e9dios empres\u00e1rios \u00e9 que levar\u00e3o os relat\u00f3rios aos grandes e por sua vez o crescimento ser\u00e1 autom\u00e1tico.<\/p>\n\n\n\n<p>Ind\u00fastria, tecnologia e conhecimento<\/p>\n\n\n\n<p>Al\u00e9m de buscar investimentos, a miss\u00e3o pretende identificar sectores-chave onde a coopera\u00e7\u00e3o pode gerar resultados concretos a curto e m\u00e9dio prazo. Na lista, destacam-se:<\/p>\n\n\n\n<pre class=\"wp-block-code\"><code>\u2022   Transfer\u00eancia de tecnologia para produ\u00e7\u00e3o local;\n\n\u2022   Forma\u00e7\u00e3o profissional para jovens e t\u00e9cnicos angolanos;\n\n\u2022   Parcerias na agricultura mecanizada, ind\u00fastria autom\u00f3vel e constru\u00e7\u00e3o naval;\n\n\u2022   Instala\u00e7\u00e3o de linhas de produ\u00e7\u00e3o em Angola para reduzir importa\u00e7\u00f5es e aumentar exporta\u00e7\u00f5es.<\/code><\/pre>\n\n\n\n<p>Impacto directo para Angola<\/p>\n\n\n\n<p>Esta aproxima\u00e7\u00e3o estrat\u00e9gica com a Turquia pode representar novas oportunidades de emprego, aumento da produ\u00e7\u00e3o nacional e fortalecimento da balan\u00e7a comercial. O CCIAT acredita que a consolida\u00e7\u00e3o destes intentos poder\u00e1 abrir portas para investimentos superiores.<\/p>\n\n\n\n<figure class=\"wp-block-gallery has-nested-images columns-default is-cropped wp-block-gallery-1 is-layout-flex wp-block-gallery-is-layout-flex\">\n<figure class=\"wp-block-image size-large\"><img loading=\"lazy\" decoding=\"async\" width=\"682\" height=\"1024\" data-id=\"18169\" src=\"http:\/\/tvbelas.com\/tvbelas\/wp-content\/uploads\/2025\/08\/WhatsApp-Image-2025-08-11-at-15.14.32-1-682x1024.jpeg\" alt=\"\" class=\"wp-image-18169\" srcset=\"https:\/\/tvbelas.com\/tvbelas\/wp-content\/uploads\/2025\/08\/WhatsApp-Image-2025-08-11-at-15.14.32-1-682x1024.jpeg 682w, https:\/\/tvbelas.com\/tvbelas\/wp-content\/uploads\/2025\/08\/WhatsApp-Image-2025-08-11-at-15.14.32-1-200x300.jpeg 200w, https:\/\/tvbelas.com\/tvbelas\/wp-content\/uploads\/2025\/08\/WhatsApp-Image-2025-08-11-at-15.14.32-1-768x1154.jpeg 768w, https:\/\/tvbelas.com\/tvbelas\/wp-content\/uploads\/2025\/08\/WhatsApp-Image-2025-08-11-at-15.14.32-1-150x225.jpeg 150w, https:\/\/tvbelas.com\/tvbelas\/wp-content\/uploads\/2025\/08\/WhatsApp-Image-2025-08-11-at-15.14.32-1-300x451.jpeg 300w, https:\/\/tvbelas.com\/tvbelas\/wp-content\/uploads\/2025\/08\/WhatsApp-Image-2025-08-11-at-15.14.32-1-696x1046.jpeg 696w, https:\/\/tvbelas.com\/tvbelas\/wp-content\/uploads\/2025\/08\/WhatsApp-Image-2025-08-11-at-15.14.32-1-280x420.jpeg 280w, https:\/\/tvbelas.com\/tvbelas\/wp-content\/uploads\/2025\/08\/WhatsApp-Image-2025-08-11-at-15.14.32-1.jpeg 852w\" sizes=\"auto, (max-width: 682px) 100vw, 682px\" \/><\/figure>\n\n\n\n<figure class=\"wp-block-image size-large\"><img loading=\"lazy\" decoding=\"async\" width=\"573\" height=\"1024\" data-id=\"18171\" src=\"http:\/\/tvbelas.com\/tvbelas\/wp-content\/uploads\/2025\/08\/WhatsApp-Image-2025-08-11-at-15.14.32-2-573x1024.jpeg\" alt=\"\" class=\"wp-image-18171\" srcset=\"https:\/\/tvbelas.com\/tvbelas\/wp-content\/uploads\/2025\/08\/WhatsApp-Image-2025-08-11-at-15.14.32-2-573x1024.jpeg 573w, https:\/\/tvbelas.com\/tvbelas\/wp-content\/uploads\/2025\/08\/WhatsApp-Image-2025-08-11-at-15.14.32-2-168x300.jpeg 168w, https:\/\/tvbelas.com\/tvbelas\/wp-content\/uploads\/2025\/08\/WhatsApp-Image-2025-08-11-at-15.14.32-2-150x268.jpeg 150w, https:\/\/tvbelas.com\/tvbelas\/wp-content\/uploads\/2025\/08\/WhatsApp-Image-2025-08-11-at-15.14.32-2-300x536.jpeg 300w, https:\/\/tvbelas.com\/tvbelas\/wp-content\/uploads\/2025\/08\/WhatsApp-Image-2025-08-11-at-15.14.32-2-696x1244.jpeg 696w, https:\/\/tvbelas.com\/tvbelas\/wp-content\/uploads\/2025\/08\/WhatsApp-Image-2025-08-11-at-15.14.32-2-235x420.jpeg 235w, https:\/\/tvbelas.com\/tvbelas\/wp-content\/uploads\/2025\/08\/WhatsApp-Image-2025-08-11-at-15.14.32-2.jpeg 716w\" sizes=\"auto, (max-width: 573px) 100vw, 573px\" \/><\/figure>\n\n\n\n<figure class=\"wp-block-image size-large\"><img loading=\"lazy\" decoding=\"async\" width=\"658\" height=\"1024\" data-id=\"18172\" src=\"http:\/\/tvbelas.com\/tvbelas\/wp-content\/uploads\/2025\/08\/WhatsApp-Image-2025-08-11-at-15.14.32-3-658x1024.jpeg\" alt=\"\" class=\"wp-image-18172\" srcset=\"https:\/\/tvbelas.com\/tvbelas\/wp-content\/uploads\/2025\/08\/WhatsApp-Image-2025-08-11-at-15.14.32-3-658x1024.jpeg 658w, https:\/\/tvbelas.com\/tvbelas\/wp-content\/uploads\/2025\/08\/WhatsApp-Image-2025-08-11-at-15.14.32-3-193x300.jpeg 193w, https:\/\/tvbelas.com\/tvbelas\/wp-content\/uploads\/2025\/08\/WhatsApp-Image-2025-08-11-at-15.14.32-3-768x1194.jpeg 768w, https:\/\/tvbelas.com\/tvbelas\/wp-content\/uploads\/2025\/08\/WhatsApp-Image-2025-08-11-at-15.14.32-3-150x233.jpeg 150w, https:\/\/tvbelas.com\/tvbelas\/wp-content\/uploads\/2025\/08\/WhatsApp-Image-2025-08-11-at-15.14.32-3-300x467.jpeg 300w, https:\/\/tvbelas.com\/tvbelas\/wp-content\/uploads\/2025\/08\/WhatsApp-Image-2025-08-11-at-15.14.32-3-696x1082.jpeg 696w, https:\/\/tvbelas.com\/tvbelas\/wp-content\/uploads\/2025\/08\/WhatsApp-Image-2025-08-11-at-15.14.32-3-270x420.jpeg 270w, https:\/\/tvbelas.com\/tvbelas\/wp-content\/uploads\/2025\/08\/WhatsApp-Image-2025-08-11-at-15.14.32-3.jpeg 823w\" sizes=\"auto, (max-width: 658px) 100vw, 658px\" \/><\/figure>\n\n\n\n<figure class=\"wp-block-image size-large\"><img loading=\"lazy\" decoding=\"async\" width=\"706\" height=\"1024\" data-id=\"18170\" src=\"http:\/\/tvbelas.com\/tvbelas\/wp-content\/uploads\/2025\/08\/WhatsApp-Image-2025-08-11-at-15.14.32-706x1024.jpeg\" alt=\"\" class=\"wp-image-18170\" srcset=\"https:\/\/tvbelas.com\/tvbelas\/wp-content\/uploads\/2025\/08\/WhatsApp-Image-2025-08-11-at-15.14.32-706x1024.jpeg 706w, https:\/\/tvbelas.com\/tvbelas\/wp-content\/uploads\/2025\/08\/WhatsApp-Image-2025-08-11-at-15.14.32-207x300.jpeg 207w, https:\/\/tvbelas.com\/tvbelas\/wp-content\/uploads\/2025\/08\/WhatsApp-Image-2025-08-11-at-15.14.32-768x1113.jpeg 768w, https:\/\/tvbelas.com\/tvbelas\/wp-content\/uploads\/2025\/08\/WhatsApp-Image-2025-08-11-at-15.14.32-150x217.jpeg 150w, https:\/\/tvbelas.com\/tvbelas\/wp-content\/uploads\/2025\/08\/WhatsApp-Image-2025-08-11-at-15.14.32-300x435.jpeg 300w, https:\/\/tvbelas.com\/tvbelas\/wp-content\/uploads\/2025\/08\/WhatsApp-Image-2025-08-11-at-15.14.32-696x1009.jpeg 696w, https:\/\/tvbelas.com\/tvbelas\/wp-content\/uploads\/2025\/08\/WhatsApp-Image-2025-08-11-at-15.14.32-290x420.jpeg 290w, https:\/\/tvbelas.com\/tvbelas\/wp-content\/uploads\/2025\/08\/WhatsApp-Image-2025-08-11-at-15.14.32.jpeg 883w\" sizes=\"auto, (max-width: 706px) 100vw, 706px\" \/><\/figure>\n\n\n\n<figure class=\"wp-block-image size-large\"><img loading=\"lazy\" decoding=\"async\" width=\"618\" height=\"1024\" data-id=\"18173\" src=\"http:\/\/tvbelas.com\/tvbelas\/wp-content\/uploads\/2025\/08\/WhatsApp-Image-2025-08-11-at-15.14.33-618x1024.jpeg\" alt=\"\" class=\"wp-image-18173\" srcset=\"https:\/\/tvbelas.com\/tvbelas\/wp-content\/uploads\/2025\/08\/WhatsApp-Image-2025-08-11-at-15.14.33-618x1024.jpeg 618w, https:\/\/tvbelas.com\/tvbelas\/wp-content\/uploads\/2025\/08\/WhatsApp-Image-2025-08-11-at-15.14.33-181x300.jpeg 181w, https:\/\/tvbelas.com\/tvbelas\/wp-content\/uploads\/2025\/08\/WhatsApp-Image-2025-08-11-at-15.14.33-768x1273.jpeg 768w, https:\/\/tvbelas.com\/tvbelas\/wp-content\/uploads\/2025\/08\/WhatsApp-Image-2025-08-11-at-15.14.33-150x249.jpeg 150w, https:\/\/tvbelas.com\/tvbelas\/wp-content\/uploads\/2025\/08\/WhatsApp-Image-2025-08-11-at-15.14.33-300x497.jpeg 300w, https:\/\/tvbelas.com\/tvbelas\/wp-content\/uploads\/2025\/08\/WhatsApp-Image-2025-08-11-at-15.14.33-696x1154.jpeg 696w, https:\/\/tvbelas.com\/tvbelas\/wp-content\/uploads\/2025\/08\/WhatsApp-Image-2025-08-11-at-15.14.33-253x420.jpeg 253w, https:\/\/tvbelas.com\/tvbelas\/wp-content\/uploads\/2025\/08\/WhatsApp-Image-2025-08-11-at-15.14.33.jpeg 772w\" sizes=\"auto, (max-width: 618px) 100vw, 618px\" \/><\/figure>\n<\/figure>\n","protected":false},"excerpt":{"rendered":"<p>O Presidente da C\u00e2mara de Com\u00e9rcio e Ind\u00fastria Angola\u2013Turquia (CCIAT) S\u00e9rgio Campos da Concei\u00e7\u00e3o, est\u00e1 a cumprir uma agenda intensa no pa\u00eds euro-asi\u00e1tico, aproveitando o WCIFORUMTR para abrir novas frentes de coopera\u00e7\u00e3o e consolidar parcerias estrat\u00e9gicas. A miss\u00e3o n\u00e3o se limitar\u00e1 apenas a reuni\u00f5es protocolares. O dirigente est\u00e1 visitar unidades fabris de refer\u00eancia, como a [&hellip;]<\/p>\n","protected":false},"author":1,"featured_media":18173,"comment_status":"open","ping_status":"closed","sticky":false,"template":"","format":"standard","meta":{"footnotes":""},"categories":[20],"tags":[],"class_list":{"0":"post-18168","1":"post","2":"type-post","3":"status-publish","4":"format-standard","5":"has-post-thumbnail","7":"category-economia-angola"},"amp_enabled":true,"_links":{"self":[{"href":"https:\/\/tvbelas.com\/tvbelas\/wp-json\/wp\/v2\/posts\/18168","targetHints":{"allow":["GET"]}}],"collection":[{"href":"https:\/\/tvbelas.com\/tvbelas\/wp-json\/wp\/v2\/posts"}],"about":[{"href":"https:\/\/tvbelas.com\/tvbelas\/wp-json\/wp\/v2\/types\/post"}],"author":[{"embeddable":true,"href":"https:\/\/tvbelas.com\/tvbelas\/wp-json\/wp\/v2\/users\/1"}],"replies":[{"embeddable":true,"href":"https:\/\/tvbelas.com\/tvbelas\/wp-json\/wp\/v2\/comments?post=18168"}],"version-history":[{"count":1,"href":"https:\/\/tvbelas.com\/tvbelas\/wp-json\/wp\/v2\/posts\/18168\/revisions"}],"predecessor-version":[{"id":18174,"href":"https:\/\/tvbelas.com\/tvbelas\/wp-json\/wp\/v2\/posts\/18168\/revisions\/18174"}],"wp:featuredmedia":[{"embeddable":true,"href":"https:\/\/tvbelas.com\/tvbelas\/wp-json\/wp\/v2\/media\/18173"}],"wp:attachment":[{"href":"https:\/\/tvbelas.com\/tvbelas\/wp-json\/wp\/v2\/media?parent=18168"}],"wp:term":[{"taxonomy":"category","embeddable":true,"href":"https:\/\/tvbelas.com\/tvbelas\/wp-json\/wp\/v2\/categories?post=18168"},{"taxonomy":"post_tag","embeddable":true,"href":"https:\/\/tvbelas.com\/tvbelas\/wp-json\/wp\/v2\/tags?post=18168"}],"curies":[{"name":"wp","href":"https:\/\/api.w.org\/{rel}","templated":true}]}}