{"id":18431,"date":"2025-09-17T10:57:45","date_gmt":"2025-09-17T09:57:45","guid":{"rendered":"https:\/\/tvbelas.com\/tvbelas\/?p=18431"},"modified":"2025-09-17T10:57:49","modified_gmt":"2025-09-17T09:57:49","slug":"para-ver-na-tv-belas-semana-de-praia-nordica-nordic-beach-week-que-junta-desportistas-nacionais-e-estrangeiros-no-lobito","status":"publish","type":"post","link":"https:\/\/tvbelas.com\/tvbelas\/noticias\/desporto\/para-ver-na-tv-belas-semana-de-praia-nordica-nordic-beach-week-que-junta-desportistas-nacionais-e-estrangeiros-no-lobito\/","title":{"rendered":"PARA VER NA TV BELAS SEMANA DE PRAIA N\u00d3RDICA \u201c NORDIC BEACH WEEK\u201d QUE JUNTA DESPORTISTAS NACIONAIS E ESTRANGEIROS NO LOBITO"},"content":{"rendered":"\n<p>O Torneio Internacional de voleibol e de andebol de praia \u201cNordic Beach Week\u201d que ser\u00e1 disputado at\u00e9 21 do corrente m\u00eas, na cidade do Lobito, e conta com mais de 150 participantes entre atletas, treinadores e formadores.<\/p>\n\n\n\n<p>A Semana de Praia N\u00f3rdica, junta na Restinga do Lobito desportistas da Noruega, Su\u00e9cia, Portugal, Mo\u00e7ambique, Nam\u00edbia e S\u00e3o Tom\u00e9 e Pr\u00edncipe para a troca de experi\u00eancias e explora\u00e7\u00e3o das atrac\u00e7\u00f5es tur\u00edsticas da prov\u00edncia.<\/p>\n\n\n\n<p>A competi\u00e7\u00e3o \u00e9 uma iniciativa diplom\u00e1tica que pretende promover o interc\u00e2mbio desportivo e cultural entre os pa\u00edses n\u00f3rdicos da Europa e Angola, em particular, mas tamb\u00e9m com outros pa\u00edses africanos, concedendo aos jovens atletas oportunidades de se conhecerem e interagirem, apesar de estarem afastados geograficamente, mas possuem muitos elementos em comum, como, por exemplo, o gosto pela praia e desportos ao ar livre e ser\u00e1 reportada com a qualidade Full HD da TV Belas.<\/p>\n\n\n\n<p>A respeito, o Embaixador da Noruega em Angola, Bj\u00f8rnar Dahl Hotvedt, esclareceu que o Nordic Beach Week mostra como o desporto pode aproximar pa\u00edses e pessoas.<br>\u201cPara n\u00f3s, trata-se n\u00e3o apenas de jogos, mas de criar la\u00e7os entre jovens atletas da Noruega, Su\u00e9cia e Angola, baseados em valores partilhados como a igualdade, coopera\u00e7\u00e3o e estilo de vida saud\u00e1vel\u201d, disse.<\/p>\n\n\n\n<p>O Diplomata asseverou que o evento pretende dar contributo \u00e0 massifica\u00e7\u00e3o de desportos de praia no pa\u00eds, uma vez que conta com uma vasta linha costeira e um clima agrad\u00e1vel durante quase todo o ano. \u201cAngola tem as condi\u00e7\u00f5es ideais para se tornar numa pot\u00eancia nestas modalidades\u201d, salientou.<\/p>\n\n\n\n<p>Por sua vez, o Embaixador da Su\u00e9cia em Angola, Lennart Killander Larsson, destacou a import\u00e2ncia da realiza\u00e7\u00e3o do certame como \u201cinovadora e inclusiva, uma celebra\u00e7\u00e3o aberta a todos \u2013 de desporto, amizade e do esp\u00edrito da praia\u201d.<\/p>\n\n\n\n<p>Sob ausp\u00edcios da MAEF Beach Volley School e patrocinada por empresas n\u00f3rdicas e angolanas, The Nordic Beach Week (Semana de Praia N\u00f3rdica, em tradu\u00e7\u00e3o livre do ingl\u00eas) junta os pa\u00edses convidados na Restinga do Lobito e ter\u00e1 a transmiss\u00e3o da maior televis\u00e3o digital do Pa\u00eds a TV Belas nas suas p\u00e1ginas no Facebook e Youtub.<\/p>\n\n\n\n<p>TV Belas Juntos Criamos a Nossa Hist\u00f3ria<\/p>\n\n\n\n<figure class=\"wp-block-image size-large\"><img loading=\"lazy\" decoding=\"async\" width=\"817\" height=\"1024\" src=\"https:\/\/tvbelas.com\/tvbelas\/wp-content\/uploads\/2025\/09\/Captura-de-ecra-2025-09-17-as-10.47.20-817x1024.png\" alt=\"\" class=\"wp-image-18432\" srcset=\"https:\/\/tvbelas.com\/tvbelas\/wp-content\/uploads\/2025\/09\/Captura-de-ecra-2025-09-17-as-10.47.20-817x1024.png 817w, https:\/\/tvbelas.com\/tvbelas\/wp-content\/uploads\/2025\/09\/Captura-de-ecra-2025-09-17-as-10.47.20-239x300.png 239w, https:\/\/tvbelas.com\/tvbelas\/wp-content\/uploads\/2025\/09\/Captura-de-ecra-2025-09-17-as-10.47.20-768x963.png 768w, https:\/\/tvbelas.com\/tvbelas\/wp-content\/uploads\/2025\/09\/Captura-de-ecra-2025-09-17-as-10.47.20-1226x1536.png 1226w, https:\/\/tvbelas.com\/tvbelas\/wp-content\/uploads\/2025\/09\/Captura-de-ecra-2025-09-17-as-10.47.20-150x188.png 150w, https:\/\/tvbelas.com\/tvbelas\/wp-content\/uploads\/2025\/09\/Captura-de-ecra-2025-09-17-as-10.47.20-300x376.png 300w, https:\/\/tvbelas.com\/tvbelas\/wp-content\/uploads\/2025\/09\/Captura-de-ecra-2025-09-17-as-10.47.20-696x872.png 696w, https:\/\/tvbelas.com\/tvbelas\/wp-content\/uploads\/2025\/09\/Captura-de-ecra-2025-09-17-as-10.47.20-1068x1339.png 1068w, https:\/\/tvbelas.com\/tvbelas\/wp-content\/uploads\/2025\/09\/Captura-de-ecra-2025-09-17-as-10.47.20-335x420.png 335w, https:\/\/tvbelas.com\/tvbelas\/wp-content\/uploads\/2025\/09\/Captura-de-ecra-2025-09-17-as-10.47.20.png 1524w\" sizes=\"auto, (max-width: 817px) 100vw, 817px\" \/><\/figure>\n","protected":false},"excerpt":{"rendered":"<p>O Torneio Internacional de voleibol e de andebol de praia \u201cNordic Beach Week\u201d que ser\u00e1 disputado at\u00e9 21 do corrente m\u00eas, na cidade do Lobito, e conta com mais de 150 participantes entre atletas, treinadores e formadores. A Semana de Praia N\u00f3rdica, junta na Restinga do Lobito desportistas da Noruega, Su\u00e9cia, Portugal, Mo\u00e7ambique, Nam\u00edbia e [&hellip;]<\/p>\n","protected":false},"author":1,"featured_media":18432,"comment_status":"open","ping_status":"closed","sticky":false,"template":"","format":"standard","meta":{"footnotes":""},"categories":[19],"tags":[],"class_list":{"0":"post-18431","1":"post","2":"type-post","3":"status-publish","4":"format-standard","5":"has-post-thumbnail","7":"category-desporto"},"amp_enabled":true,"_links":{"self":[{"href":"https:\/\/tvbelas.com\/tvbelas\/wp-json\/wp\/v2\/posts\/18431","targetHints":{"allow":["GET"]}}],"collection":[{"href":"https:\/\/tvbelas.com\/tvbelas\/wp-json\/wp\/v2\/posts"}],"about":[{"href":"https:\/\/tvbelas.com\/tvbelas\/wp-json\/wp\/v2\/types\/post"}],"author":[{"embeddable":true,"href":"https:\/\/tvbelas.com\/tvbelas\/wp-json\/wp\/v2\/users\/1"}],"replies":[{"embeddable":true,"href":"https:\/\/tvbelas.com\/tvbelas\/wp-json\/wp\/v2\/comments?post=18431"}],"version-history":[{"count":1,"href":"https:\/\/tvbelas.com\/tvbelas\/wp-json\/wp\/v2\/posts\/18431\/revisions"}],"predecessor-version":[{"id":18433,"href":"https:\/\/tvbelas.com\/tvbelas\/wp-json\/wp\/v2\/posts\/18431\/revisions\/18433"}],"wp:featuredmedia":[{"embeddable":true,"href":"https:\/\/tvbelas.com\/tvbelas\/wp-json\/wp\/v2\/media\/18432"}],"wp:attachment":[{"href":"https:\/\/tvbelas.com\/tvbelas\/wp-json\/wp\/v2\/media?parent=18431"}],"wp:term":[{"taxonomy":"category","embeddable":true,"href":"https:\/\/tvbelas.com\/tvbelas\/wp-json\/wp\/v2\/categories?post=18431"},{"taxonomy":"post_tag","embeddable":true,"href":"https:\/\/tvbelas.com\/tvbelas\/wp-json\/wp\/v2\/tags?post=18431"}],"curies":[{"name":"wp","href":"https:\/\/api.w.org\/{rel}","templated":true}]}}