{"id":18452,"date":"2025-09-23T20:44:03","date_gmt":"2025-09-23T19:44:03","guid":{"rendered":"https:\/\/tvbelas.com\/tvbelas\/?p=18452"},"modified":"2025-09-23T20:44:06","modified_gmt":"2025-09-23T19:44:06","slug":"ary-papel-e-hugo-marques-podem-estar-de-regresso-na-convocatoria-dos-palancas-negras","status":"publish","type":"post","link":"https:\/\/tvbelas.com\/tvbelas\/noticias\/desporto\/ary-papel-e-hugo-marques-podem-estar-de-regresso-na-convocatoria-dos-palancas-negras\/","title":{"rendered":"ARY PAPEL E HUGO MARQUES PODEM ESTAR DE REGRESSO NA CONVOCAT\u00d3RIA DOS PALANCAS NEGRAS"},"content":{"rendered":"\n<p>Depois de um longo per\u00edodo ausente da convocat\u00f3ria dos palancas Negras os nomes de Ary Papel e Hugo Marques, s\u00e3o as grandes novidades para o duplo confronto com Enswatine e Camar\u00f5es,para o apuramento ao mundial.<\/p>\n\n\n\n<p>fonte pr\u00f3xima a TV BELAS d\u00e1 conta de que os nomes de Ary Papel,Hugo Marques e T\u00f3 Carneiro s\u00e3o as grandes novidades desta convocat\u00f3ria, a FAF j\u00e1 fez chegar \u00e0s cartas aos referidos clubes da solicita\u00e7\u00e3o dos Atletas.<\/p>\n\n\n\n<p>Confira a poss\u00edvel convocat\u00f3ria dos palancas Negras<\/p>\n\n\n\n<p>Guarda- redes<br>Adilson da Cruz ( Nebl\u00fa)<br>Agostinho Calunga<br>Antonio Dominique<br>Hugo Marques<\/p>\n\n\n\n<p>Defesas<\/p>\n\n\n\n<p>Antonio Hossi<br>T\u00f3 Carneiro<br>Buatu Jonathan<br>Kialunda Gaspar<br>Cleiton da Mata<br>David Carmo<br>Eddie Afonso<br>Joaquim Balanga (Kinito)<br>Nurio Fortuna<br>Pedro Francisco ( Bond\u00f3)<br>R\u00faben Aderito<br>Sandro Cruz<\/p>\n\n\n\n<p>Medios<\/p>\n\n\n\n<p>Alfredo Ribeiro ( Fredy)<br>Antonio Muanza ( Maestro)<br>Benedito Mukendi ( Beni)<br>Manuel Cafumana ( SHOW)<br>Manuel Keliano<br>Bernab\u00e9 Tom\u00e1s<\/p>\n\n\n\n<p>Avan\u00e7ados<\/p>\n\n\n\n<p>Cristov\u00e3o Paci\u00eancia (Mabululu)<br>Fel\u00edcio Jo\u00e3o ( Milson )<br>Francisco Sacalumbo ( Chico Banza)<br>Jacinto Dala ( Gelson)<br>Laurindo Aur\u00e9lio (Dep\u00fa)<br>Mbala Nzola<br>Manuel Benson<br>Zito Luvumbo<br>Manuel Afonso ( Ary Papel)<\/p>\n\n\n\n<p>J\u00e1 sem chances de classificar-se, a convocat\u00f3ria oficial da sele\u00e7\u00e3o ser\u00e1 divulgada no dia 30 de setembro.<\/p>\n\n\n\n<figure class=\"wp-block-image size-large\"><img loading=\"lazy\" decoding=\"async\" width=\"1024\" height=\"1024\" src=\"https:\/\/tvbelas.com\/tvbelas\/wp-content\/uploads\/2025\/09\/Captura-de-ecra-2025-09-23-as-20.19.26-1024x1024.png\" alt=\"\" class=\"wp-image-18454\" srcset=\"https:\/\/tvbelas.com\/tvbelas\/wp-content\/uploads\/2025\/09\/Captura-de-ecra-2025-09-23-as-20.19.26-1024x1024.png 1024w, https:\/\/tvbelas.com\/tvbelas\/wp-content\/uploads\/2025\/09\/Captura-de-ecra-2025-09-23-as-20.19.26-300x300.png 300w, https:\/\/tvbelas.com\/tvbelas\/wp-content\/uploads\/2025\/09\/Captura-de-ecra-2025-09-23-as-20.19.26-150x150.png 150w, https:\/\/tvbelas.com\/tvbelas\/wp-content\/uploads\/2025\/09\/Captura-de-ecra-2025-09-23-as-20.19.26-768x768.png 768w, https:\/\/tvbelas.com\/tvbelas\/wp-content\/uploads\/2025\/09\/Captura-de-ecra-2025-09-23-as-20.19.26-696x696.png 696w, https:\/\/tvbelas.com\/tvbelas\/wp-content\/uploads\/2025\/09\/Captura-de-ecra-2025-09-23-as-20.19.26-1068x1068.png 1068w, https:\/\/tvbelas.com\/tvbelas\/wp-content\/uploads\/2025\/09\/Captura-de-ecra-2025-09-23-as-20.19.26-420x420.png 420w, https:\/\/tvbelas.com\/tvbelas\/wp-content\/uploads\/2025\/09\/Captura-de-ecra-2025-09-23-as-20.19.26.png 1532w\" sizes=\"auto, (max-width: 1024px) 100vw, 1024px\" \/><\/figure>\n\n\n\n<figure class=\"wp-block-image size-large\"><img loading=\"lazy\" decoding=\"async\" width=\"1024\" height=\"1024\" src=\"https:\/\/tvbelas.com\/tvbelas\/wp-content\/uploads\/2025\/09\/Angola-Hugo-Marques-Palancas-Negras-Futebol-Desporto-ArgA\u00a9lia-Angola-Angolanos-CAF-Cortesia-CAF-1024x1024.jpg\" alt=\"\" class=\"wp-image-18453\" srcset=\"https:\/\/tvbelas.com\/tvbelas\/wp-content\/uploads\/2025\/09\/Angola-Hugo-Marques-Palancas-Negras-Futebol-Desporto-ArgA\u00a9lia-Angola-Angolanos-CAF-Cortesia-CAF-1024x1024.jpg 1024w, https:\/\/tvbelas.com\/tvbelas\/wp-content\/uploads\/2025\/09\/Angola-Hugo-Marques-Palancas-Negras-Futebol-Desporto-ArgA\u00a9lia-Angola-Angolanos-CAF-Cortesia-CAF-300x300.jpg 300w, https:\/\/tvbelas.com\/tvbelas\/wp-content\/uploads\/2025\/09\/Angola-Hugo-Marques-Palancas-Negras-Futebol-Desporto-ArgA\u00a9lia-Angola-Angolanos-CAF-Cortesia-CAF-150x150.jpg 150w, https:\/\/tvbelas.com\/tvbelas\/wp-content\/uploads\/2025\/09\/Angola-Hugo-Marques-Palancas-Negras-Futebol-Desporto-ArgA\u00a9lia-Angola-Angolanos-CAF-Cortesia-CAF-768x768.jpg 768w, https:\/\/tvbelas.com\/tvbelas\/wp-content\/uploads\/2025\/09\/Angola-Hugo-Marques-Palancas-Negras-Futebol-Desporto-ArgA\u00a9lia-Angola-Angolanos-CAF-Cortesia-CAF-696x696.jpg 696w, https:\/\/tvbelas.com\/tvbelas\/wp-content\/uploads\/2025\/09\/Angola-Hugo-Marques-Palancas-Negras-Futebol-Desporto-ArgA\u00a9lia-Angola-Angolanos-CAF-Cortesia-CAF-1068x1068.jpg 1068w, https:\/\/tvbelas.com\/tvbelas\/wp-content\/uploads\/2025\/09\/Angola-Hugo-Marques-Palancas-Negras-Futebol-Desporto-ArgA\u00a9lia-Angola-Angolanos-CAF-Cortesia-CAF-420x420.jpg 420w, https:\/\/tvbelas.com\/tvbelas\/wp-content\/uploads\/2025\/09\/Angola-Hugo-Marques-Palancas-Negras-Futebol-Desporto-ArgA\u00a9lia-Angola-Angolanos-CAF-Cortesia-CAF.jpg 1280w\" sizes=\"auto, (max-width: 1024px) 100vw, 1024px\" \/><\/figure>\n","protected":false},"excerpt":{"rendered":"<p>Depois de um longo per\u00edodo ausente da convocat\u00f3ria dos palancas Negras os nomes de Ary Papel e Hugo Marques, s\u00e3o as grandes novidades para o duplo confronto com Enswatine e Camar\u00f5es,para o apuramento ao mundial. fonte pr\u00f3xima a TV BELAS d\u00e1 conta de que os nomes de Ary Papel,Hugo Marques e T\u00f3 Carneiro s\u00e3o as [&hellip;]<\/p>\n","protected":false},"author":1,"featured_media":18454,"comment_status":"open","ping_status":"closed","sticky":false,"template":"","format":"standard","meta":{"footnotes":""},"categories":[19],"tags":[],"class_list":{"0":"post-18452","1":"post","2":"type-post","3":"status-publish","4":"format-standard","5":"has-post-thumbnail","7":"category-desporto"},"amp_enabled":true,"_links":{"self":[{"href":"https:\/\/tvbelas.com\/tvbelas\/wp-json\/wp\/v2\/posts\/18452","targetHints":{"allow":["GET"]}}],"collection":[{"href":"https:\/\/tvbelas.com\/tvbelas\/wp-json\/wp\/v2\/posts"}],"about":[{"href":"https:\/\/tvbelas.com\/tvbelas\/wp-json\/wp\/v2\/types\/post"}],"author":[{"embeddable":true,"href":"https:\/\/tvbelas.com\/tvbelas\/wp-json\/wp\/v2\/users\/1"}],"replies":[{"embeddable":true,"href":"https:\/\/tvbelas.com\/tvbelas\/wp-json\/wp\/v2\/comments?post=18452"}],"version-history":[{"count":1,"href":"https:\/\/tvbelas.com\/tvbelas\/wp-json\/wp\/v2\/posts\/18452\/revisions"}],"predecessor-version":[{"id":18455,"href":"https:\/\/tvbelas.com\/tvbelas\/wp-json\/wp\/v2\/posts\/18452\/revisions\/18455"}],"wp:featuredmedia":[{"embeddable":true,"href":"https:\/\/tvbelas.com\/tvbelas\/wp-json\/wp\/v2\/media\/18454"}],"wp:attachment":[{"href":"https:\/\/tvbelas.com\/tvbelas\/wp-json\/wp\/v2\/media?parent=18452"}],"wp:term":[{"taxonomy":"category","embeddable":true,"href":"https:\/\/tvbelas.com\/tvbelas\/wp-json\/wp\/v2\/categories?post=18452"},{"taxonomy":"post_tag","embeddable":true,"href":"https:\/\/tvbelas.com\/tvbelas\/wp-json\/wp\/v2\/tags?post=18452"}],"curies":[{"name":"wp","href":"https:\/\/api.w.org\/{rel}","templated":true}]}}