{"id":18456,"date":"2025-09-23T20:47:34","date_gmt":"2025-09-23T19:47:34","guid":{"rendered":"https:\/\/tvbelas.com\/tvbelas\/?p=18456"},"modified":"2025-09-23T20:47:37","modified_gmt":"2025-09-23T19:47:37","slug":"federacao-angolana-de-futebol-pode-apresentar-o-novo-timoneiro-nacional-nesta-segunda-feira","status":"publish","type":"post","link":"https:\/\/tvbelas.com\/tvbelas\/sem-categoria\/federacao-angolana-de-futebol-pode-apresentar-o-novo-timoneiro-nacional-nesta-segunda-feira\/","title":{"rendered":"FEDERA\u00c7\u00c3O ANGOLANA DE FUTEBOL PODE APRESENTAR O NOVO TIMONEIRO NACIONAL NESTA SEGUNDA-FEIRA"},"content":{"rendered":"\n<p>Ap\u00f3s a demiss\u00e3o do antigo seleccionador do conjunto nacional Pedro Gon\u00e7alves, a Federa\u00e7\u00e3o Angolana de Futebol, est\u00e1 com pretens\u00f5es de apresentar o novo treinador dentro de dias, por formas a tornar-se p\u00fablico \u00e0 informa\u00e7\u00e3o que d\u00e1 conta do acordo entre a Federa\u00e7\u00e3o e o professor franc\u00eas Patrice Beaumelle.<\/p>\n\n\n\n<p>A escolha do treinador foi ao detalhe visando o pr\u00f3ximo campeonato africano de futebol. Ainda na mesma senda, o mesmo treinador j\u00e1 tem conhecimento do futebol africano, com passagem pelos palancas, pese embora como adjunto e depois pela selec\u00e7\u00e3o da Costa do Marfim.<\/p>\n\n\n\n<p>Segundo as informa\u00e7\u00f5es que TV Belas teve acesso nossa, o v\u00ednculo com o treinador franc\u00eas ter\u00e1 numa primeira fase a dura\u00e7\u00e3o de dois anos.<\/p>\n\n\n\n<p>Contudo, o professor franc\u00eas tem sido avaliado antes mesmo de come\u00e7ar essa sua nova aventura pelo contexto africano, pelos especialistas em termos de futebol comentado.<\/p>\n\n\n\n<figure class=\"wp-block-image size-large\"><img loading=\"lazy\" decoding=\"async\" width=\"980\" height=\"1024\" src=\"https:\/\/tvbelas.com\/tvbelas\/wp-content\/uploads\/2025\/09\/Captura-de-ecra-2025-09-23-as-20.16.07-980x1024.png\" alt=\"\" class=\"wp-image-18457\" srcset=\"https:\/\/tvbelas.com\/tvbelas\/wp-content\/uploads\/2025\/09\/Captura-de-ecra-2025-09-23-as-20.16.07-980x1024.png 980w, https:\/\/tvbelas.com\/tvbelas\/wp-content\/uploads\/2025\/09\/Captura-de-ecra-2025-09-23-as-20.16.07-287x300.png 287w, https:\/\/tvbelas.com\/tvbelas\/wp-content\/uploads\/2025\/09\/Captura-de-ecra-2025-09-23-as-20.16.07-768x802.png 768w, https:\/\/tvbelas.com\/tvbelas\/wp-content\/uploads\/2025\/09\/Captura-de-ecra-2025-09-23-as-20.16.07-1471x1536.png 1471w, https:\/\/tvbelas.com\/tvbelas\/wp-content\/uploads\/2025\/09\/Captura-de-ecra-2025-09-23-as-20.16.07-150x157.png 150w, https:\/\/tvbelas.com\/tvbelas\/wp-content\/uploads\/2025\/09\/Captura-de-ecra-2025-09-23-as-20.16.07-300x313.png 300w, https:\/\/tvbelas.com\/tvbelas\/wp-content\/uploads\/2025\/09\/Captura-de-ecra-2025-09-23-as-20.16.07-696x727.png 696w, https:\/\/tvbelas.com\/tvbelas\/wp-content\/uploads\/2025\/09\/Captura-de-ecra-2025-09-23-as-20.16.07-1068x1115.png 1068w, https:\/\/tvbelas.com\/tvbelas\/wp-content\/uploads\/2025\/09\/Captura-de-ecra-2025-09-23-as-20.16.07-402x420.png 402w, https:\/\/tvbelas.com\/tvbelas\/wp-content\/uploads\/2025\/09\/Captura-de-ecra-2025-09-23-as-20.16.07.png 1532w\" sizes=\"auto, (max-width: 980px) 100vw, 980px\" \/><\/figure>\n","protected":false},"excerpt":{"rendered":"<p>Ap\u00f3s a demiss\u00e3o do antigo seleccionador do conjunto nacional Pedro Gon\u00e7alves, a Federa\u00e7\u00e3o Angolana de Futebol, est\u00e1 com pretens\u00f5es de apresentar o novo treinador dentro de dias, por formas a tornar-se p\u00fablico \u00e0 informa\u00e7\u00e3o que d\u00e1 conta do acordo entre a Federa\u00e7\u00e3o e o professor franc\u00eas Patrice Beaumelle. A escolha do treinador foi ao detalhe [&hellip;]<\/p>\n","protected":false},"author":1,"featured_media":18457,"comment_status":"open","ping_status":"closed","sticky":false,"template":"","format":"standard","meta":{"footnotes":""},"categories":[1],"tags":[],"class_list":{"0":"post-18456","1":"post","2":"type-post","3":"status-publish","4":"format-standard","5":"has-post-thumbnail","7":"category-sem-categoria"},"amp_enabled":true,"_links":{"self":[{"href":"https:\/\/tvbelas.com\/tvbelas\/wp-json\/wp\/v2\/posts\/18456","targetHints":{"allow":["GET"]}}],"collection":[{"href":"https:\/\/tvbelas.com\/tvbelas\/wp-json\/wp\/v2\/posts"}],"about":[{"href":"https:\/\/tvbelas.com\/tvbelas\/wp-json\/wp\/v2\/types\/post"}],"author":[{"embeddable":true,"href":"https:\/\/tvbelas.com\/tvbelas\/wp-json\/wp\/v2\/users\/1"}],"replies":[{"embeddable":true,"href":"https:\/\/tvbelas.com\/tvbelas\/wp-json\/wp\/v2\/comments?post=18456"}],"version-history":[{"count":1,"href":"https:\/\/tvbelas.com\/tvbelas\/wp-json\/wp\/v2\/posts\/18456\/revisions"}],"predecessor-version":[{"id":18458,"href":"https:\/\/tvbelas.com\/tvbelas\/wp-json\/wp\/v2\/posts\/18456\/revisions\/18458"}],"wp:featuredmedia":[{"embeddable":true,"href":"https:\/\/tvbelas.com\/tvbelas\/wp-json\/wp\/v2\/media\/18457"}],"wp:attachment":[{"href":"https:\/\/tvbelas.com\/tvbelas\/wp-json\/wp\/v2\/media?parent=18456"}],"wp:term":[{"taxonomy":"category","embeddable":true,"href":"https:\/\/tvbelas.com\/tvbelas\/wp-json\/wp\/v2\/categories?post=18456"},{"taxonomy":"post_tag","embeddable":true,"href":"https:\/\/tvbelas.com\/tvbelas\/wp-json\/wp\/v2\/tags?post=18456"}],"curies":[{"name":"wp","href":"https:\/\/api.w.org\/{rel}","templated":true}]}}