{"id":19054,"date":"2026-01-19T15:34:27","date_gmt":"2026-01-19T14:34:27","guid":{"rendered":"https:\/\/tvbelas.com\/tvbelas\/?p=19054"},"modified":"2026-01-19T15:34:28","modified_gmt":"2026-01-19T14:34:28","slug":"portugal-decide-entre-moderacao-e-rutura-jose-seguro-e-andre-ventura-na-segunda-volta","status":"publish","type":"post","link":"https:\/\/tvbelas.com\/tvbelas\/noticias\/internacional\/portugal-decide-entre-moderacao-e-rutura-jose-seguro-e-andre-ventura-na-segunda-volta\/","title":{"rendered":"PORTUGAL DECIDE ENTRE MODERA\u00c7\u00c3O E RUTURA: JOS\u00c9 SEGURO E ANDR\u00c9 VENTURA NA SEGUNDA VOLTA"},"content":{"rendered":"\n<p>O candidato Ant\u00f3nio Jos\u00e9 Seguro, antigo secret\u00e1rio-geral do Partido Socialista (PS), foi o mais votado na primeira volta das elei\u00e7\u00f5es presidenciais realizadas no domingo, 18 de janeiro, ao somar 31,12% dos votos. Seguro avan\u00e7a para a segunda volta, marcada para 8 de fevereiro, onde enfrentar\u00e1 Andr\u00e9 Ventura, l\u00edder do partido Chega, que obteve 23,53% da vota\u00e7\u00e3o.<\/p>\n\n\n\n<p>Na terceira posi\u00e7\u00e3o ficou Jo\u00e3o Cotrim de Figueiredo, eurodeputado da Iniciativa Liberal, com 15,99%, seguido do almirante Henrique Gouveia e Melo, candidato independente, que registou 12,33%. Lu\u00eds Marques Mendes, apoiado pelo Partido Social Democrata (PSD), ocupou o quinto lugar, com 11,30% dos votos.<\/p>\n\n\n\n<p>Apresentando-se como um candidato moderado, Ant\u00f3nio Jos\u00e9 Seguro centrou a sua campanha em apelos ao chamado \u201cvoto \u00fatil\u201d da esquerda, procurando agregar o eleitorado progressista em torno da sua candidatura.<\/p>\n\n\n\n<p>Mais de 11 milh\u00f5es de eleitores estavam inscritos para votar (11.039.672), o maior n\u00famero desde as elei\u00e7\u00f5es presidenciais de 1976, confirmando a elevada mobiliza\u00e7\u00e3o do eleitorado neste escrut\u00ednio decisivo para o futuro pol\u00edtico do pa\u00eds.<\/p>\n\n\n\n<figure class=\"wp-block-image size-full\"><img loading=\"lazy\" decoding=\"async\" width=\"1024\" height=\"576\" src=\"https:\/\/tvbelas.com\/tvbelas\/wp-content\/uploads\/2026\/01\/1024.jpg\" alt=\"\" class=\"wp-image-19055\" srcset=\"https:\/\/tvbelas.com\/tvbelas\/wp-content\/uploads\/2026\/01\/1024.jpg 1024w, https:\/\/tvbelas.com\/tvbelas\/wp-content\/uploads\/2026\/01\/1024-300x169.jpg 300w, https:\/\/tvbelas.com\/tvbelas\/wp-content\/uploads\/2026\/01\/1024-768x432.jpg 768w, https:\/\/tvbelas.com\/tvbelas\/wp-content\/uploads\/2026\/01\/1024-150x84.jpg 150w, https:\/\/tvbelas.com\/tvbelas\/wp-content\/uploads\/2026\/01\/1024-696x392.jpg 696w, https:\/\/tvbelas.com\/tvbelas\/wp-content\/uploads\/2026\/01\/1024-747x420.jpg 747w\" sizes=\"auto, (max-width: 1024px) 100vw, 1024px\" \/><\/figure>\n","protected":false},"excerpt":{"rendered":"<p>O candidato Ant\u00f3nio Jos\u00e9 Seguro, antigo secret\u00e1rio-geral do Partido Socialista (PS), foi o mais votado na primeira volta das elei\u00e7\u00f5es presidenciais realizadas no domingo, 18 de janeiro, ao somar 31,12% dos votos. Seguro avan\u00e7a para a segunda volta, marcada para 8 de fevereiro, onde enfrentar\u00e1 Andr\u00e9 Ventura, l\u00edder do partido Chega, que obteve 23,53% da [&hellip;]<\/p>\n","protected":false},"author":1,"featured_media":19055,"comment_status":"open","ping_status":"closed","sticky":false,"template":"","format":"standard","meta":{"footnotes":""},"categories":[22],"tags":[],"class_list":{"0":"post-19054","1":"post","2":"type-post","3":"status-publish","4":"format-standard","5":"has-post-thumbnail","7":"category-internacional"},"amp_enabled":true,"_links":{"self":[{"href":"https:\/\/tvbelas.com\/tvbelas\/wp-json\/wp\/v2\/posts\/19054","targetHints":{"allow":["GET"]}}],"collection":[{"href":"https:\/\/tvbelas.com\/tvbelas\/wp-json\/wp\/v2\/posts"}],"about":[{"href":"https:\/\/tvbelas.com\/tvbelas\/wp-json\/wp\/v2\/types\/post"}],"author":[{"embeddable":true,"href":"https:\/\/tvbelas.com\/tvbelas\/wp-json\/wp\/v2\/users\/1"}],"replies":[{"embeddable":true,"href":"https:\/\/tvbelas.com\/tvbelas\/wp-json\/wp\/v2\/comments?post=19054"}],"version-history":[{"count":1,"href":"https:\/\/tvbelas.com\/tvbelas\/wp-json\/wp\/v2\/posts\/19054\/revisions"}],"predecessor-version":[{"id":19056,"href":"https:\/\/tvbelas.com\/tvbelas\/wp-json\/wp\/v2\/posts\/19054\/revisions\/19056"}],"wp:featuredmedia":[{"embeddable":true,"href":"https:\/\/tvbelas.com\/tvbelas\/wp-json\/wp\/v2\/media\/19055"}],"wp:attachment":[{"href":"https:\/\/tvbelas.com\/tvbelas\/wp-json\/wp\/v2\/media?parent=19054"}],"wp:term":[{"taxonomy":"category","embeddable":true,"href":"https:\/\/tvbelas.com\/tvbelas\/wp-json\/wp\/v2\/categories?post=19054"},{"taxonomy":"post_tag","embeddable":true,"href":"https:\/\/tvbelas.com\/tvbelas\/wp-json\/wp\/v2\/tags?post=19054"}],"curies":[{"name":"wp","href":"https:\/\/api.w.org\/{rel}","templated":true}]}}