{"id":19180,"date":"2026-01-22T13:35:52","date_gmt":"2026-01-22T12:35:52","guid":{"rendered":"https:\/\/tvbelas.com\/tvbelas\/?p=19180"},"modified":"2026-01-22T13:35:53","modified_gmt":"2026-01-22T12:35:53","slug":"carolina-cerqueira-suspende-mandatoe-luzia-van-dunem-de-78-anos-regressa-ao-parlamento","status":"publish","type":"post","link":"https:\/\/tvbelas.com\/tvbelas\/noticias\/politica-angola\/carolina-cerqueira-suspende-mandatoe-luzia-van-dunem-de-78-anos-regressa-ao-parlamento\/","title":{"rendered":"CAROLINA CERQUEIRA SUSPENDE MANDATOE LUZIA VAN-D\u00daNEM DE 78 ANOS REGRESSA AO PARLAMENTO"},"content":{"rendered":"\n<p>A deputada Luzia Pereira de Sousa Ingl\u00eas Van-D\u00fanem, conhecida por \u201cInga\u201d, reassumiu esta quarta-feira, dia 22, o seu assento na Assembleia Nacional, em substitui\u00e7\u00e3o de Carolina Cerqueira, antiga presidente do Parlamento, que procedeu \u00e0 suspens\u00e3o do seu mandato.<\/p>\n\n\n\n<p>A movimenta\u00e7\u00e3o de deputados foi aprovada em plen\u00e1rio sob a forma de resolu\u00e7\u00e3o, com 188 votos a favor, nenhum voto contra e sem absten\u00e7\u00f5es.<\/p>\n\n\n\n<p>De acordo com a relatora do diploma, deputada Leonor Cruz, a iniciativa foi apresentada pelo Grupo Parlamentar do MPLA, na sequ\u00eancia do pedido formal de suspens\u00e3o de mandato submetido por Carolina Cerqueira.<\/p>\n\n\n\n<p>Com a suspens\u00e3o, a vaga deixada por Carolina Cerqueira passa a ser ocupada por Luzia Van-D\u00fanem, que regressa \u00e0 Casa das Leis e integra a Comiss\u00e3o de Fam\u00edlia, Inf\u00e2ncia e Ac\u00e7\u00e3o Social (8.\u00aa Comiss\u00e3o de Trabalho Especializada), bem como o Grupo Nacional de Acompanhamento da Uni\u00e3o Interparlamentar.<\/p>\n\n\n\n<figure class=\"wp-block-gallery has-nested-images columns-default is-cropped wp-block-gallery-1 is-layout-flex wp-block-gallery-is-layout-flex\">\n<figure class=\"wp-block-image size-large\"><img loading=\"lazy\" decoding=\"async\" width=\"1024\" height=\"683\" data-id=\"19182\" src=\"https:\/\/tvbelas.com\/tvbelas\/wp-content\/uploads\/2026\/01\/619314963_1225052519809899_4123316705679497006_n-1024x683.jpg\" alt=\"\" class=\"wp-image-19182\" srcset=\"https:\/\/tvbelas.com\/tvbelas\/wp-content\/uploads\/2026\/01\/619314963_1225052519809899_4123316705679497006_n-1024x683.jpg 1024w, https:\/\/tvbelas.com\/tvbelas\/wp-content\/uploads\/2026\/01\/619314963_1225052519809899_4123316705679497006_n-300x200.jpg 300w, https:\/\/tvbelas.com\/tvbelas\/wp-content\/uploads\/2026\/01\/619314963_1225052519809899_4123316705679497006_n-768x512.jpg 768w, https:\/\/tvbelas.com\/tvbelas\/wp-content\/uploads\/2026\/01\/619314963_1225052519809899_4123316705679497006_n-150x100.jpg 150w, https:\/\/tvbelas.com\/tvbelas\/wp-content\/uploads\/2026\/01\/619314963_1225052519809899_4123316705679497006_n-696x464.jpg 696w, https:\/\/tvbelas.com\/tvbelas\/wp-content\/uploads\/2026\/01\/619314963_1225052519809899_4123316705679497006_n-1068x712.jpg 1068w, https:\/\/tvbelas.com\/tvbelas\/wp-content\/uploads\/2026\/01\/619314963_1225052519809899_4123316705679497006_n-630x420.jpg 630w, https:\/\/tvbelas.com\/tvbelas\/wp-content\/uploads\/2026\/01\/619314963_1225052519809899_4123316705679497006_n.jpg 1440w\" sizes=\"auto, (max-width: 1024px) 100vw, 1024px\" \/><\/figure>\n\n\n\n<figure class=\"wp-block-image size-large\"><img loading=\"lazy\" decoding=\"async\" width=\"954\" height=\"1024\" data-id=\"19181\" src=\"https:\/\/tvbelas.com\/tvbelas\/wp-content\/uploads\/2026\/01\/618932270_1225052516476566_426220276750099942_n-954x1024.jpg\" alt=\"\" class=\"wp-image-19181\" srcset=\"https:\/\/tvbelas.com\/tvbelas\/wp-content\/uploads\/2026\/01\/618932270_1225052516476566_426220276750099942_n-954x1024.jpg 954w, https:\/\/tvbelas.com\/tvbelas\/wp-content\/uploads\/2026\/01\/618932270_1225052516476566_426220276750099942_n-280x300.jpg 280w, https:\/\/tvbelas.com\/tvbelas\/wp-content\/uploads\/2026\/01\/618932270_1225052516476566_426220276750099942_n-768x824.jpg 768w, https:\/\/tvbelas.com\/tvbelas\/wp-content\/uploads\/2026\/01\/618932270_1225052516476566_426220276750099942_n-150x161.jpg 150w, https:\/\/tvbelas.com\/tvbelas\/wp-content\/uploads\/2026\/01\/618932270_1225052516476566_426220276750099942_n-300x322.jpg 300w, https:\/\/tvbelas.com\/tvbelas\/wp-content\/uploads\/2026\/01\/618932270_1225052516476566_426220276750099942_n-696x747.jpg 696w, https:\/\/tvbelas.com\/tvbelas\/wp-content\/uploads\/2026\/01\/618932270_1225052516476566_426220276750099942_n-1068x1146.jpg 1068w, https:\/\/tvbelas.com\/tvbelas\/wp-content\/uploads\/2026\/01\/618932270_1225052516476566_426220276750099942_n-391x420.jpg 391w, https:\/\/tvbelas.com\/tvbelas\/wp-content\/uploads\/2026\/01\/618932270_1225052516476566_426220276750099942_n.jpg 1342w\" sizes=\"auto, (max-width: 954px) 100vw, 954px\" \/><\/figure>\n\n\n\n<figure class=\"wp-block-image size-large\"><img loading=\"lazy\" decoding=\"async\" width=\"903\" height=\"1024\" data-id=\"19183\" src=\"https:\/\/tvbelas.com\/tvbelas\/wp-content\/uploads\/2026\/01\/621598982_1225052513143233_4085973687057279290_n-903x1024.jpg\" alt=\"\" class=\"wp-image-19183\" srcset=\"https:\/\/tvbelas.com\/tvbelas\/wp-content\/uploads\/2026\/01\/621598982_1225052513143233_4085973687057279290_n-903x1024.jpg 903w, https:\/\/tvbelas.com\/tvbelas\/wp-content\/uploads\/2026\/01\/621598982_1225052513143233_4085973687057279290_n-265x300.jpg 265w, https:\/\/tvbelas.com\/tvbelas\/wp-content\/uploads\/2026\/01\/621598982_1225052513143233_4085973687057279290_n-768x871.jpg 768w, https:\/\/tvbelas.com\/tvbelas\/wp-content\/uploads\/2026\/01\/621598982_1225052513143233_4085973687057279290_n-150x170.jpg 150w, https:\/\/tvbelas.com\/tvbelas\/wp-content\/uploads\/2026\/01\/621598982_1225052513143233_4085973687057279290_n-300x340.jpg 300w, https:\/\/tvbelas.com\/tvbelas\/wp-content\/uploads\/2026\/01\/621598982_1225052513143233_4085973687057279290_n-696x789.jpg 696w, https:\/\/tvbelas.com\/tvbelas\/wp-content\/uploads\/2026\/01\/621598982_1225052513143233_4085973687057279290_n-1068x1211.jpg 1068w, https:\/\/tvbelas.com\/tvbelas\/wp-content\/uploads\/2026\/01\/621598982_1225052513143233_4085973687057279290_n-370x420.jpg 370w, https:\/\/tvbelas.com\/tvbelas\/wp-content\/uploads\/2026\/01\/621598982_1225052513143233_4085973687057279290_n.jpg 1270w\" sizes=\"auto, (max-width: 903px) 100vw, 903px\" \/><\/figure>\n<\/figure>\n","protected":false},"excerpt":{"rendered":"<p>A deputada Luzia Pereira de Sousa Ingl\u00eas Van-D\u00fanem, conhecida por \u201cInga\u201d, reassumiu esta quarta-feira, dia 22, o seu assento na Assembleia Nacional, em substitui\u00e7\u00e3o de Carolina Cerqueira, antiga presidente do Parlamento, que procedeu \u00e0 suspens\u00e3o do seu mandato. A movimenta\u00e7\u00e3o de deputados foi aprovada em plen\u00e1rio sob a forma de resolu\u00e7\u00e3o, com 188 votos a [&hellip;]<\/p>\n","protected":false},"author":1,"featured_media":19181,"comment_status":"open","ping_status":"closed","sticky":false,"template":"","format":"standard","meta":{"footnotes":""},"categories":[12],"tags":[],"class_list":{"0":"post-19180","1":"post","2":"type-post","3":"status-publish","4":"format-standard","5":"has-post-thumbnail","7":"category-politica-angola"},"amp_enabled":true,"_links":{"self":[{"href":"https:\/\/tvbelas.com\/tvbelas\/wp-json\/wp\/v2\/posts\/19180","targetHints":{"allow":["GET"]}}],"collection":[{"href":"https:\/\/tvbelas.com\/tvbelas\/wp-json\/wp\/v2\/posts"}],"about":[{"href":"https:\/\/tvbelas.com\/tvbelas\/wp-json\/wp\/v2\/types\/post"}],"author":[{"embeddable":true,"href":"https:\/\/tvbelas.com\/tvbelas\/wp-json\/wp\/v2\/users\/1"}],"replies":[{"embeddable":true,"href":"https:\/\/tvbelas.com\/tvbelas\/wp-json\/wp\/v2\/comments?post=19180"}],"version-history":[{"count":1,"href":"https:\/\/tvbelas.com\/tvbelas\/wp-json\/wp\/v2\/posts\/19180\/revisions"}],"predecessor-version":[{"id":19184,"href":"https:\/\/tvbelas.com\/tvbelas\/wp-json\/wp\/v2\/posts\/19180\/revisions\/19184"}],"wp:featuredmedia":[{"embeddable":true,"href":"https:\/\/tvbelas.com\/tvbelas\/wp-json\/wp\/v2\/media\/19181"}],"wp:attachment":[{"href":"https:\/\/tvbelas.com\/tvbelas\/wp-json\/wp\/v2\/media?parent=19180"}],"wp:term":[{"taxonomy":"category","embeddable":true,"href":"https:\/\/tvbelas.com\/tvbelas\/wp-json\/wp\/v2\/categories?post=19180"},{"taxonomy":"post_tag","embeddable":true,"href":"https:\/\/tvbelas.com\/tvbelas\/wp-json\/wp\/v2\/tags?post=19180"}],"curies":[{"name":"wp","href":"https:\/\/api.w.org\/{rel}","templated":true}]}}