{"id":19194,"date":"2026-01-22T15:16:01","date_gmt":"2026-01-22T14:16:01","guid":{"rendered":"https:\/\/tvbelas.com\/tvbelas\/?p=19194"},"modified":"2026-01-22T15:16:03","modified_gmt":"2026-01-22T14:16:03","slug":"federacao-angolana-de-andebol-esclarece-situacao-da-atleta-teresa-miguel-da-silva","status":"publish","type":"post","link":"https:\/\/tvbelas.com\/tvbelas\/noticias\/desporto\/federacao-angolana-de-andebol-esclarece-situacao-da-atleta-teresa-miguel-da-silva\/","title":{"rendered":"FEDERA\u00c7\u00c3O ANGOLANA DE ANDEBOL ESCLARECE SITUA\u00c7\u00c3O DA ATLETA TERESA MIGUEL DA SILVA"},"content":{"rendered":"\n<p><strong>Nota de Esclarecimento<\/strong><\/p>\n\n\n\n<p>Estando a circular nas redes sociais a not\u00edcia segundo a qual o processo de<\/p>\n\n\n\n<p>transfer\u00eancia da atleta <strong>Teresa Miguel da Silva <\/strong>depende da boa-f\u00e9 e do entendimento<\/p>\n\n\n\n<p>da Federa\u00e7\u00e3o Angolana de Andebol (FAAND), sendo inclusive noticiado que a<\/p>\n\n\n\n<p>andebolista e o seu agente mant\u00eam contacto com a FAAND no sentido de desbloquear<\/p>\n\n\n\n<p>o processo, a Direc\u00e7\u00e3o da FAAND, com o fito de assegurar a veracidade dos factos,<\/p>\n\n\n\n<p>vem pela presente esclarecer o seguinte:<\/p>\n\n\n\n<p>1 \u2013 A atleta foi transferida do clube P\u00e9rola da Ba\u00eda Farta, de Angola, para o clube<\/p>\n\n\n\n<p>Maiastars de Portugal, ap\u00f3s solicita\u00e7\u00e3o do clube requerente aos 02 de Janeiro de 2025<\/p>\n\n\n\n<p>e aprova\u00e7\u00e3o, na plataforma da Federa\u00e7\u00e3o Internacional de Andebol (IHF) aos 27 de<\/p>\n\n\n\n<p>Janeiro do mesmo ano.<\/p>\n\n\n\n<p>2 \u2013 Com base nesta transfer\u00eancia intercontinental a atleta passou a estar inscrita na<\/p>\n\n\n\n<p>Federa\u00e7\u00e3o de Andebol de Portugal, embora tenha vindo refor\u00e7ar a equipa angolana do<\/p>\n\n\n\n<p>Benga FC, no \u00faltimo Campeonato Nacional, a t\u00edtulo de empr\u00e9stimo.<\/p>\n\n\n\n<p>3 \u2013 Na presente \u00e9poca desportiva a jogadora representa o Alavarium de Portugal e, \u00e0<\/p>\n\n\n\n<p>luz da regulamenta\u00e7\u00e3o em vigor, o expediente para sua eventual transfer\u00eancia deve ser<\/p>\n\n\n\n<p>tratado entre a Federa\u00e7\u00e3o requerente (Espanhola no caso) e a entidade na qual a atleta<\/p>\n\n\n\n<p>se encontra vinculada actualmente (Federa\u00e7\u00e3o Portuguesa).<\/p>\n\n\n\n<p>4 \u2013 Entretanto, no \u00e2mbito das suas responsabilidades, tendo em conta que se trata de<\/p>\n\n\n\n<p>uma atleta nacional, a FAAND tomou a iniciativa de elucidar a atleta sobre os<\/p>\n\n\n\n<p>procedimentos \u00e0 adoptar e predisp\u00f5e-se ao devido acompanhamento do processo, t\u00e3o<\/p>\n\n\n\n<p>logo o mesmo esteja dispon\u00edvel na plataforma da IHF.<\/p>\n\n\n\n<p>Luanda, 22 de Janeiro de 2026<\/p>\n\n\n\n<figure class=\"wp-block-image size-large\"><img loading=\"lazy\" decoding=\"async\" width=\"725\" height=\"1024\" src=\"https:\/\/tvbelas.com\/tvbelas\/wp-content\/uploads\/2026\/01\/Captura-de-ecra-2026-01-22-as-15.08.34-725x1024.png\" alt=\"\" class=\"wp-image-19195\" srcset=\"https:\/\/tvbelas.com\/tvbelas\/wp-content\/uploads\/2026\/01\/Captura-de-ecra-2026-01-22-as-15.08.34-725x1024.png 725w, https:\/\/tvbelas.com\/tvbelas\/wp-content\/uploads\/2026\/01\/Captura-de-ecra-2026-01-22-as-15.08.34-212x300.png 212w, https:\/\/tvbelas.com\/tvbelas\/wp-content\/uploads\/2026\/01\/Captura-de-ecra-2026-01-22-as-15.08.34-768x1084.png 768w, https:\/\/tvbelas.com\/tvbelas\/wp-content\/uploads\/2026\/01\/Captura-de-ecra-2026-01-22-as-15.08.34-1088x1536.png 1088w, https:\/\/tvbelas.com\/tvbelas\/wp-content\/uploads\/2026\/01\/Captura-de-ecra-2026-01-22-as-15.08.34-1450x2048.png 1450w, https:\/\/tvbelas.com\/tvbelas\/wp-content\/uploads\/2026\/01\/Captura-de-ecra-2026-01-22-as-15.08.34-150x212.png 150w, https:\/\/tvbelas.com\/tvbelas\/wp-content\/uploads\/2026\/01\/Captura-de-ecra-2026-01-22-as-15.08.34-300x424.png 300w, https:\/\/tvbelas.com\/tvbelas\/wp-content\/uploads\/2026\/01\/Captura-de-ecra-2026-01-22-as-15.08.34-696x983.png 696w, https:\/\/tvbelas.com\/tvbelas\/wp-content\/uploads\/2026\/01\/Captura-de-ecra-2026-01-22-as-15.08.34-1068x1508.png 1068w, https:\/\/tvbelas.com\/tvbelas\/wp-content\/uploads\/2026\/01\/Captura-de-ecra-2026-01-22-as-15.08.34-297x420.png 297w, https:\/\/tvbelas.com\/tvbelas\/wp-content\/uploads\/2026\/01\/Captura-de-ecra-2026-01-22-as-15.08.34.png 1466w\" sizes=\"auto, (max-width: 725px) 100vw, 725px\" \/><\/figure>\n","protected":false},"excerpt":{"rendered":"<p>Nota de Esclarecimento Estando a circular nas redes sociais a not\u00edcia segundo a qual o processo de transfer\u00eancia da atleta Teresa Miguel da Silva depende da boa-f\u00e9 e do entendimento da Federa\u00e7\u00e3o Angolana de Andebol (FAAND), sendo inclusive noticiado que a andebolista e o seu agente mant\u00eam contacto com a FAAND no sentido de desbloquear [&hellip;]<\/p>\n","protected":false},"author":1,"featured_media":19144,"comment_status":"open","ping_status":"closed","sticky":false,"template":"","format":"standard","meta":{"footnotes":""},"categories":[19],"tags":[],"class_list":{"0":"post-19194","1":"post","2":"type-post","3":"status-publish","4":"format-standard","5":"has-post-thumbnail","7":"category-desporto"},"amp_enabled":true,"_links":{"self":[{"href":"https:\/\/tvbelas.com\/tvbelas\/wp-json\/wp\/v2\/posts\/19194","targetHints":{"allow":["GET"]}}],"collection":[{"href":"https:\/\/tvbelas.com\/tvbelas\/wp-json\/wp\/v2\/posts"}],"about":[{"href":"https:\/\/tvbelas.com\/tvbelas\/wp-json\/wp\/v2\/types\/post"}],"author":[{"embeddable":true,"href":"https:\/\/tvbelas.com\/tvbelas\/wp-json\/wp\/v2\/users\/1"}],"replies":[{"embeddable":true,"href":"https:\/\/tvbelas.com\/tvbelas\/wp-json\/wp\/v2\/comments?post=19194"}],"version-history":[{"count":1,"href":"https:\/\/tvbelas.com\/tvbelas\/wp-json\/wp\/v2\/posts\/19194\/revisions"}],"predecessor-version":[{"id":19196,"href":"https:\/\/tvbelas.com\/tvbelas\/wp-json\/wp\/v2\/posts\/19194\/revisions\/19196"}],"wp:featuredmedia":[{"embeddable":true,"href":"https:\/\/tvbelas.com\/tvbelas\/wp-json\/wp\/v2\/media\/19144"}],"wp:attachment":[{"href":"https:\/\/tvbelas.com\/tvbelas\/wp-json\/wp\/v2\/media?parent=19194"}],"wp:term":[{"taxonomy":"category","embeddable":true,"href":"https:\/\/tvbelas.com\/tvbelas\/wp-json\/wp\/v2\/categories?post=19194"},{"taxonomy":"post_tag","embeddable":true,"href":"https:\/\/tvbelas.com\/tvbelas\/wp-json\/wp\/v2\/tags?post=19194"}],"curies":[{"name":"wp","href":"https:\/\/api.w.org\/{rel}","templated":true}]}}