{"id":19318,"date":"2026-01-30T23:50:08","date_gmt":"2026-01-30T22:50:08","guid":{"rendered":"https:\/\/tvbelas.com\/tvbelas\/?p=19318"},"modified":"2026-01-30T23:50:10","modified_gmt":"2026-01-30T22:50:10","slug":"faf-reforca-dialogo-com-associados-e-destaca-apoio-ao-futebol-no-cuanza-norte","status":"publish","type":"post","link":"https:\/\/tvbelas.com\/tvbelas\/noticias\/desporto\/faf-reforca-dialogo-com-associados-e-destaca-apoio-ao-futebol-no-cuanza-norte\/","title":{"rendered":"FAF REFOR\u00c7A DI\u00c1LOGO COM ASSOCIADOS E DESTACA APOIO AO FUTEBOL NO CUANZA NORTE"},"content":{"rendered":"\n<p>No \u00e2mbito do p\u00e9riplo nacional de ausculta\u00e7\u00e3o aos clubes e associa\u00e7\u00f5es provinciais de futebol, com o objectivo de avaliar a realidade desportiva de cada regi\u00e3o do pa\u00eds, uma delega\u00e7\u00e3o da Federa\u00e7\u00e3o Angolana de Futebol (FAF) deslocou-se, na manh\u00e3 desta Sexta-feira, \u00e0 prov\u00edncia do Cuanza Norte.<\/p>\n\n\n\n<p>Durante a visita, a FAF enalteceu o apoio institucional do Governo Provincial do Cuanza Norte, destacando a forma calorosa e organizada com que a delega\u00e7\u00e3o foi recebida pelos membros do governo local e pela Associa\u00e7\u00e3o Provincial de Futebol.<\/p>\n\n\n\n<p>O vice-presidente da FAF, Paulo Magueijo, sublinhou a import\u00e2ncia das visitas j\u00e1 realizadas, considerando o exerc\u00edcio extremamente proveitoso para o engrandecimento e desenvolvimento do futebol angolano. Segundo o dirigente, o contacto directo com as realidades locais permite identificar desafios e tra\u00e7ar estrat\u00e9gias mais eficazes para o crescimento da modalidade.<\/p>\n\n\n\n<p>Paulo Magueijo refor\u00e7ou ainda que a aposta na forma\u00e7\u00e3o continua a ser uma prioridade da FAF em todo o pa\u00eds, por considerar que \u00e9 a base que garante o futuro do futebol nacional.<\/p>\n\n\n\n<p>Ap\u00f3s a passagem pelo Cuanza Norte, a direc\u00e7\u00e3o da FAF, liderada pelo presidente Alves Sim\u00f5es, acompanhado pelos vice-presidentes Carlos Alonso Kali e Paulo Magueijo, bem como pelo presidente do Conselho de \u00c1rbitros, H\u00e9lder Martins, dever\u00e1 deslocar-se, na pr\u00f3xima semana, \u00e0s prov\u00edncias do Icolo e Bengo e de Cabinda. O p\u00e9riplo termina na capital do pa\u00eds, Luanda, onde ser\u00e3o igualmente abordadas quest\u00f5es ligadas ao desenvolvimento do futebol nacional.<\/p>\n\n\n\n<figure class=\"wp-block-gallery has-nested-images columns-default is-cropped wp-block-gallery-1 is-layout-flex wp-block-gallery-is-layout-flex\">\n<figure class=\"wp-block-image size-large\"><img loading=\"lazy\" decoding=\"async\" width=\"1024\" height=\"768\" data-id=\"19319\" src=\"https:\/\/tvbelas.com\/tvbelas\/wp-content\/uploads\/2026\/01\/WhatsApp-Image-2026-01-30-at-23.08.34-1-1024x768.jpeg\" alt=\"\" class=\"wp-image-19319\" srcset=\"https:\/\/tvbelas.com\/tvbelas\/wp-content\/uploads\/2026\/01\/WhatsApp-Image-2026-01-30-at-23.08.34-1-1024x768.jpeg 1024w, https:\/\/tvbelas.com\/tvbelas\/wp-content\/uploads\/2026\/01\/WhatsApp-Image-2026-01-30-at-23.08.34-1-300x225.jpeg 300w, https:\/\/tvbelas.com\/tvbelas\/wp-content\/uploads\/2026\/01\/WhatsApp-Image-2026-01-30-at-23.08.34-1-768x576.jpeg 768w, https:\/\/tvbelas.com\/tvbelas\/wp-content\/uploads\/2026\/01\/WhatsApp-Image-2026-01-30-at-23.08.34-1-150x113.jpeg 150w, https:\/\/tvbelas.com\/tvbelas\/wp-content\/uploads\/2026\/01\/WhatsApp-Image-2026-01-30-at-23.08.34-1-696x522.jpeg 696w, https:\/\/tvbelas.com\/tvbelas\/wp-content\/uploads\/2026\/01\/WhatsApp-Image-2026-01-30-at-23.08.34-1-1068x801.jpeg 1068w, https:\/\/tvbelas.com\/tvbelas\/wp-content\/uploads\/2026\/01\/WhatsApp-Image-2026-01-30-at-23.08.34-1-560x420.jpeg 560w, https:\/\/tvbelas.com\/tvbelas\/wp-content\/uploads\/2026\/01\/WhatsApp-Image-2026-01-30-at-23.08.34-1-265x198.jpeg 265w, https:\/\/tvbelas.com\/tvbelas\/wp-content\/uploads\/2026\/01\/WhatsApp-Image-2026-01-30-at-23.08.34-1.jpeg 1280w\" sizes=\"auto, (max-width: 1024px) 100vw, 1024px\" \/><\/figure>\n\n\n\n<figure class=\"wp-block-image size-large\"><img loading=\"lazy\" decoding=\"async\" width=\"1024\" height=\"768\" data-id=\"19320\" src=\"https:\/\/tvbelas.com\/tvbelas\/wp-content\/uploads\/2026\/01\/WhatsApp-Image-2026-01-30-at-23.08.34-2-1024x768.jpeg\" alt=\"\" class=\"wp-image-19320\" srcset=\"https:\/\/tvbelas.com\/tvbelas\/wp-content\/uploads\/2026\/01\/WhatsApp-Image-2026-01-30-at-23.08.34-2-1024x768.jpeg 1024w, https:\/\/tvbelas.com\/tvbelas\/wp-content\/uploads\/2026\/01\/WhatsApp-Image-2026-01-30-at-23.08.34-2-300x225.jpeg 300w, https:\/\/tvbelas.com\/tvbelas\/wp-content\/uploads\/2026\/01\/WhatsApp-Image-2026-01-30-at-23.08.34-2-768x576.jpeg 768w, https:\/\/tvbelas.com\/tvbelas\/wp-content\/uploads\/2026\/01\/WhatsApp-Image-2026-01-30-at-23.08.34-2-150x113.jpeg 150w, https:\/\/tvbelas.com\/tvbelas\/wp-content\/uploads\/2026\/01\/WhatsApp-Image-2026-01-30-at-23.08.34-2-696x522.jpeg 696w, https:\/\/tvbelas.com\/tvbelas\/wp-content\/uploads\/2026\/01\/WhatsApp-Image-2026-01-30-at-23.08.34-2-1068x801.jpeg 1068w, https:\/\/tvbelas.com\/tvbelas\/wp-content\/uploads\/2026\/01\/WhatsApp-Image-2026-01-30-at-23.08.34-2-560x420.jpeg 560w, https:\/\/tvbelas.com\/tvbelas\/wp-content\/uploads\/2026\/01\/WhatsApp-Image-2026-01-30-at-23.08.34-2-265x198.jpeg 265w, https:\/\/tvbelas.com\/tvbelas\/wp-content\/uploads\/2026\/01\/WhatsApp-Image-2026-01-30-at-23.08.34-2.jpeg 1280w\" sizes=\"auto, (max-width: 1024px) 100vw, 1024px\" \/><\/figure>\n\n\n\n<figure class=\"wp-block-image size-large\"><img loading=\"lazy\" decoding=\"async\" width=\"1024\" height=\"768\" data-id=\"19322\" src=\"https:\/\/tvbelas.com\/tvbelas\/wp-content\/uploads\/2026\/01\/WhatsApp-Image-2026-01-30-at-23.08.34-3-1024x768.jpeg\" alt=\"\" class=\"wp-image-19322\" srcset=\"https:\/\/tvbelas.com\/tvbelas\/wp-content\/uploads\/2026\/01\/WhatsApp-Image-2026-01-30-at-23.08.34-3-1024x768.jpeg 1024w, https:\/\/tvbelas.com\/tvbelas\/wp-content\/uploads\/2026\/01\/WhatsApp-Image-2026-01-30-at-23.08.34-3-300x225.jpeg 300w, https:\/\/tvbelas.com\/tvbelas\/wp-content\/uploads\/2026\/01\/WhatsApp-Image-2026-01-30-at-23.08.34-3-768x576.jpeg 768w, https:\/\/tvbelas.com\/tvbelas\/wp-content\/uploads\/2026\/01\/WhatsApp-Image-2026-01-30-at-23.08.34-3-150x113.jpeg 150w, https:\/\/tvbelas.com\/tvbelas\/wp-content\/uploads\/2026\/01\/WhatsApp-Image-2026-01-30-at-23.08.34-3-696x522.jpeg 696w, https:\/\/tvbelas.com\/tvbelas\/wp-content\/uploads\/2026\/01\/WhatsApp-Image-2026-01-30-at-23.08.34-3-1068x801.jpeg 1068w, https:\/\/tvbelas.com\/tvbelas\/wp-content\/uploads\/2026\/01\/WhatsApp-Image-2026-01-30-at-23.08.34-3-560x420.jpeg 560w, https:\/\/tvbelas.com\/tvbelas\/wp-content\/uploads\/2026\/01\/WhatsApp-Image-2026-01-30-at-23.08.34-3-265x198.jpeg 265w, https:\/\/tvbelas.com\/tvbelas\/wp-content\/uploads\/2026\/01\/WhatsApp-Image-2026-01-30-at-23.08.34-3.jpeg 1280w\" sizes=\"auto, (max-width: 1024px) 100vw, 1024px\" \/><\/figure>\n\n\n\n<figure class=\"wp-block-image size-large\"><img loading=\"lazy\" decoding=\"async\" width=\"1024\" height=\"768\" data-id=\"19321\" src=\"https:\/\/tvbelas.com\/tvbelas\/wp-content\/uploads\/2026\/01\/WhatsApp-Image-2026-01-30-at-23.08.34-4-1024x768.jpeg\" alt=\"\" class=\"wp-image-19321\" srcset=\"https:\/\/tvbelas.com\/tvbelas\/wp-content\/uploads\/2026\/01\/WhatsApp-Image-2026-01-30-at-23.08.34-4-1024x768.jpeg 1024w, https:\/\/tvbelas.com\/tvbelas\/wp-content\/uploads\/2026\/01\/WhatsApp-Image-2026-01-30-at-23.08.34-4-300x225.jpeg 300w, https:\/\/tvbelas.com\/tvbelas\/wp-content\/uploads\/2026\/01\/WhatsApp-Image-2026-01-30-at-23.08.34-4-768x576.jpeg 768w, https:\/\/tvbelas.com\/tvbelas\/wp-content\/uploads\/2026\/01\/WhatsApp-Image-2026-01-30-at-23.08.34-4-150x113.jpeg 150w, https:\/\/tvbelas.com\/tvbelas\/wp-content\/uploads\/2026\/01\/WhatsApp-Image-2026-01-30-at-23.08.34-4-696x522.jpeg 696w, https:\/\/tvbelas.com\/tvbelas\/wp-content\/uploads\/2026\/01\/WhatsApp-Image-2026-01-30-at-23.08.34-4-1068x801.jpeg 1068w, https:\/\/tvbelas.com\/tvbelas\/wp-content\/uploads\/2026\/01\/WhatsApp-Image-2026-01-30-at-23.08.34-4-560x420.jpeg 560w, https:\/\/tvbelas.com\/tvbelas\/wp-content\/uploads\/2026\/01\/WhatsApp-Image-2026-01-30-at-23.08.34-4-265x198.jpeg 265w, https:\/\/tvbelas.com\/tvbelas\/wp-content\/uploads\/2026\/01\/WhatsApp-Image-2026-01-30-at-23.08.34-4.jpeg 1280w\" sizes=\"auto, (max-width: 1024px) 100vw, 1024px\" \/><\/figure>\n\n\n\n<figure class=\"wp-block-image size-large\"><img loading=\"lazy\" decoding=\"async\" width=\"1024\" height=\"768\" data-id=\"19323\" src=\"https:\/\/tvbelas.com\/tvbelas\/wp-content\/uploads\/2026\/01\/WhatsApp-Image-2026-01-30-at-23.08.34-1024x768.jpeg\" alt=\"\" class=\"wp-image-19323\" srcset=\"https:\/\/tvbelas.com\/tvbelas\/wp-content\/uploads\/2026\/01\/WhatsApp-Image-2026-01-30-at-23.08.34-1024x768.jpeg 1024w, https:\/\/tvbelas.com\/tvbelas\/wp-content\/uploads\/2026\/01\/WhatsApp-Image-2026-01-30-at-23.08.34-300x225.jpeg 300w, https:\/\/tvbelas.com\/tvbelas\/wp-content\/uploads\/2026\/01\/WhatsApp-Image-2026-01-30-at-23.08.34-768x576.jpeg 768w, https:\/\/tvbelas.com\/tvbelas\/wp-content\/uploads\/2026\/01\/WhatsApp-Image-2026-01-30-at-23.08.34-150x113.jpeg 150w, https:\/\/tvbelas.com\/tvbelas\/wp-content\/uploads\/2026\/01\/WhatsApp-Image-2026-01-30-at-23.08.34-696x522.jpeg 696w, https:\/\/tvbelas.com\/tvbelas\/wp-content\/uploads\/2026\/01\/WhatsApp-Image-2026-01-30-at-23.08.34-1068x801.jpeg 1068w, https:\/\/tvbelas.com\/tvbelas\/wp-content\/uploads\/2026\/01\/WhatsApp-Image-2026-01-30-at-23.08.34-560x420.jpeg 560w, https:\/\/tvbelas.com\/tvbelas\/wp-content\/uploads\/2026\/01\/WhatsApp-Image-2026-01-30-at-23.08.34-265x198.jpeg 265w, https:\/\/tvbelas.com\/tvbelas\/wp-content\/uploads\/2026\/01\/WhatsApp-Image-2026-01-30-at-23.08.34.jpeg 1280w\" sizes=\"auto, (max-width: 1024px) 100vw, 1024px\" \/><\/figure>\n<\/figure>\n","protected":false},"excerpt":{"rendered":"<p>No \u00e2mbito do p\u00e9riplo nacional de ausculta\u00e7\u00e3o aos clubes e associa\u00e7\u00f5es provinciais de futebol, com o objectivo de avaliar a realidade desportiva de cada regi\u00e3o do pa\u00eds, uma delega\u00e7\u00e3o da Federa\u00e7\u00e3o Angolana de Futebol (FAF) deslocou-se, na manh\u00e3 desta Sexta-feira, \u00e0 prov\u00edncia do Cuanza Norte. Durante a visita, a FAF enalteceu o apoio institucional do [&hellip;]<\/p>\n","protected":false},"author":1,"featured_media":19323,"comment_status":"open","ping_status":"closed","sticky":false,"template":"","format":"standard","meta":{"footnotes":""},"categories":[19],"tags":[],"class_list":{"0":"post-19318","1":"post","2":"type-post","3":"status-publish","4":"format-standard","5":"has-post-thumbnail","7":"category-desporto"},"amp_enabled":true,"_links":{"self":[{"href":"https:\/\/tvbelas.com\/tvbelas\/wp-json\/wp\/v2\/posts\/19318","targetHints":{"allow":["GET"]}}],"collection":[{"href":"https:\/\/tvbelas.com\/tvbelas\/wp-json\/wp\/v2\/posts"}],"about":[{"href":"https:\/\/tvbelas.com\/tvbelas\/wp-json\/wp\/v2\/types\/post"}],"author":[{"embeddable":true,"href":"https:\/\/tvbelas.com\/tvbelas\/wp-json\/wp\/v2\/users\/1"}],"replies":[{"embeddable":true,"href":"https:\/\/tvbelas.com\/tvbelas\/wp-json\/wp\/v2\/comments?post=19318"}],"version-history":[{"count":1,"href":"https:\/\/tvbelas.com\/tvbelas\/wp-json\/wp\/v2\/posts\/19318\/revisions"}],"predecessor-version":[{"id":19324,"href":"https:\/\/tvbelas.com\/tvbelas\/wp-json\/wp\/v2\/posts\/19318\/revisions\/19324"}],"wp:featuredmedia":[{"embeddable":true,"href":"https:\/\/tvbelas.com\/tvbelas\/wp-json\/wp\/v2\/media\/19323"}],"wp:attachment":[{"href":"https:\/\/tvbelas.com\/tvbelas\/wp-json\/wp\/v2\/media?parent=19318"}],"wp:term":[{"taxonomy":"category","embeddable":true,"href":"https:\/\/tvbelas.com\/tvbelas\/wp-json\/wp\/v2\/categories?post=19318"},{"taxonomy":"post_tag","embeddable":true,"href":"https:\/\/tvbelas.com\/tvbelas\/wp-json\/wp\/v2\/tags?post=19318"}],"curies":[{"name":"wp","href":"https:\/\/api.w.org\/{rel}","templated":true}]}}