{"id":19362,"date":"2026-02-05T16:44:32","date_gmt":"2026-02-05T15:44:32","guid":{"rendered":"https:\/\/tvbelas.com\/tvbelas\/?p=19362"},"modified":"2026-02-05T16:44:33","modified_gmt":"2026-02-05T15:44:33","slug":"passe-para-o-can-de-futsal-decido-sabado-em-luanda","status":"publish","type":"post","link":"https:\/\/tvbelas.com\/tvbelas\/noticias\/desporto\/passe-para-o-can-de-futsal-decido-sabado-em-luanda\/","title":{"rendered":"PASSE PARA O CAN DE FUTSAL DECIDO S\u00c1BADO EM LUANDA"},"content":{"rendered":"\n<p>A Sele\u00e7\u00e3o Nacional de Angola defronta em Luanda, no Pavilh\u00e3o Principal da Cidadela, a cong\u00e9nere dos Camar\u00f5es neste s\u00e1bado, 07 de Fevereiro rumo ao CAN de Futsal Marrocos 2026.<\/p>\n\n\n\n<p>Com in\u00edcio \u00e0s 18h, o cinco Nacional de Futsal entra em campo pronta a passar a \u00faltima eliminat\u00f3ria depois da estrondosa goleada que aplicou aos Camaroneses em Younde por 12 -0.<\/p>\n\n\n\n<p>A partida promete fortes emo\u00e7\u00f5es, com as duas equipas determinadas a garantir um lugar na maior competi\u00e7\u00e3o continental da modalidade de que Angola \u00e9 Vice Campe\u00e3 africana em t\u00edtulo.<\/p>\n\n\n\n<p>TV Belas, Juntos Criamos a Nossa Hist\u00f3ria<\/p>\n\n\n\n<figure class=\"wp-block-image size-large\"><img loading=\"lazy\" decoding=\"async\" width=\"1024\" height=\"683\" src=\"https:\/\/tvbelas.com\/tvbelas\/wp-content\/uploads\/2026\/02\/628198155_1184489317178174_721561652205210092_n-1024x683.jpg\" alt=\"\" class=\"wp-image-19363\" srcset=\"https:\/\/tvbelas.com\/tvbelas\/wp-content\/uploads\/2026\/02\/628198155_1184489317178174_721561652205210092_n-1024x683.jpg 1024w, https:\/\/tvbelas.com\/tvbelas\/wp-content\/uploads\/2026\/02\/628198155_1184489317178174_721561652205210092_n-300x200.jpg 300w, https:\/\/tvbelas.com\/tvbelas\/wp-content\/uploads\/2026\/02\/628198155_1184489317178174_721561652205210092_n-768x512.jpg 768w, https:\/\/tvbelas.com\/tvbelas\/wp-content\/uploads\/2026\/02\/628198155_1184489317178174_721561652205210092_n-150x100.jpg 150w, https:\/\/tvbelas.com\/tvbelas\/wp-content\/uploads\/2026\/02\/628198155_1184489317178174_721561652205210092_n-696x464.jpg 696w, https:\/\/tvbelas.com\/tvbelas\/wp-content\/uploads\/2026\/02\/628198155_1184489317178174_721561652205210092_n-1068x712.jpg 1068w, https:\/\/tvbelas.com\/tvbelas\/wp-content\/uploads\/2026\/02\/628198155_1184489317178174_721561652205210092_n-630x420.jpg 630w, https:\/\/tvbelas.com\/tvbelas\/wp-content\/uploads\/2026\/02\/628198155_1184489317178174_721561652205210092_n.jpg 1440w\" sizes=\"auto, (max-width: 1024px) 100vw, 1024px\" \/><\/figure>\n","protected":false},"excerpt":{"rendered":"<p>A Sele\u00e7\u00e3o Nacional de Angola defronta em Luanda, no Pavilh\u00e3o Principal da Cidadela, a cong\u00e9nere dos Camar\u00f5es neste s\u00e1bado, 07 de Fevereiro rumo ao CAN de Futsal Marrocos 2026. Com in\u00edcio \u00e0s 18h, o cinco Nacional de Futsal entra em campo pronta a passar a \u00faltima eliminat\u00f3ria depois da estrondosa goleada que aplicou aos Camaroneses [&hellip;]<\/p>\n","protected":false},"author":1,"featured_media":19363,"comment_status":"open","ping_status":"closed","sticky":false,"template":"","format":"standard","meta":{"footnotes":""},"categories":[19],"tags":[],"class_list":{"0":"post-19362","1":"post","2":"type-post","3":"status-publish","4":"format-standard","5":"has-post-thumbnail","7":"category-desporto"},"amp_enabled":true,"_links":{"self":[{"href":"https:\/\/tvbelas.com\/tvbelas\/wp-json\/wp\/v2\/posts\/19362","targetHints":{"allow":["GET"]}}],"collection":[{"href":"https:\/\/tvbelas.com\/tvbelas\/wp-json\/wp\/v2\/posts"}],"about":[{"href":"https:\/\/tvbelas.com\/tvbelas\/wp-json\/wp\/v2\/types\/post"}],"author":[{"embeddable":true,"href":"https:\/\/tvbelas.com\/tvbelas\/wp-json\/wp\/v2\/users\/1"}],"replies":[{"embeddable":true,"href":"https:\/\/tvbelas.com\/tvbelas\/wp-json\/wp\/v2\/comments?post=19362"}],"version-history":[{"count":1,"href":"https:\/\/tvbelas.com\/tvbelas\/wp-json\/wp\/v2\/posts\/19362\/revisions"}],"predecessor-version":[{"id":19364,"href":"https:\/\/tvbelas.com\/tvbelas\/wp-json\/wp\/v2\/posts\/19362\/revisions\/19364"}],"wp:featuredmedia":[{"embeddable":true,"href":"https:\/\/tvbelas.com\/tvbelas\/wp-json\/wp\/v2\/media\/19363"}],"wp:attachment":[{"href":"https:\/\/tvbelas.com\/tvbelas\/wp-json\/wp\/v2\/media?parent=19362"}],"wp:term":[{"taxonomy":"category","embeddable":true,"href":"https:\/\/tvbelas.com\/tvbelas\/wp-json\/wp\/v2\/categories?post=19362"},{"taxonomy":"post_tag","embeddable":true,"href":"https:\/\/tvbelas.com\/tvbelas\/wp-json\/wp\/v2\/tags?post=19362"}],"curies":[{"name":"wp","href":"https:\/\/api.w.org\/{rel}","templated":true}]}}