{"id":19365,"date":"2026-02-05T17:26:05","date_gmt":"2026-02-05T16:26:05","guid":{"rendered":"https:\/\/tvbelas.com\/tvbelas\/?p=19365"},"modified":"2026-02-05T17:26:06","modified_gmt":"2026-02-05T16:26:06","slug":"angola-implementa-inteligencia-artificial-no-sistema-de-ensino","status":"publish","type":"post","link":"https:\/\/tvbelas.com\/tvbelas\/noticias\/politica-angola\/angola-implementa-inteligencia-artificial-no-sistema-de-ensino\/","title":{"rendered":"ANGOLA IMPLEMENTA INTELIG\u00caNCIA ARTIFICIAL NO SISTEMA DE ENSINO"},"content":{"rendered":"\n<p>Angola come\u00e7ar\u00e1 a integrar a Intelig\u00eancia Artificial (IA) nas escolas, com um projeto-piloto em 10 escolas prim\u00e1rias, anunciou a ministra da Educa\u00e7\u00e3o, Lu\u00edsa Grilo, durante a Cimeira Mundial de Governos, no Dubai. A iniciativa faz parte do memorando de entendimento assinado em 2024 com a Escola Digital dos Emirados \u00c1rabes Unidos.<\/p>\n\n\n\n<p>A primeira fase do projeto envolve a forma\u00e7\u00e3o de professores e gestores escolares para o uso da tecnologia, com in\u00edcio das instala\u00e7\u00f5es em fevereiro. O projeto-piloto ser\u00e1 lan\u00e7ado em 10 escolas localizadas em 10 prov\u00edncias do pa\u00eds, com a previs\u00e3o de iniciar as atividades ainda em 2026.<\/p>\n\n\n\n<p>Grilo ressaltou que a IA n\u00e3o substituir\u00e1 os professores, mas ser\u00e1 uma ferramenta de apoio para aumentar a efici\u00eancia do ensino, mantendo os professores como l\u00edderes do processo educativo.<\/p>\n\n\n\n<p>A participa\u00e7\u00e3o de Angola na cimeira reflete a parceria com os Emirados \u00c1rabes Unidos, com foco em aplicar a IA para melhorar a qualidade da educa\u00e7\u00e3o. No f\u00f3rum, a ministra destacou os desafios enfrentados pela \u00c1frica, como a conectividade limitada e o acesso desigual \u00e0 internet, mas ressaltou o consenso sobre a import\u00e2ncia da IA no futuro da educa\u00e7\u00e3o.<\/p>\n\n\n\n<p>O acordo entre Angola e os Emirados \u00c1rabes Unidos prev\u00ea a implementa\u00e7\u00e3o de uma metodologia de ensino flex\u00edvel, adaptada \u00e0s necessidades de cada aluno, utilizando IA avan\u00e7ada e outras ferramentas digitais para desenvolver compet\u00eancias e conhecimentos de forma personalizada.<\/p>\n\n\n\n<p>Com essa iniciativa, o governo angolano visa melhorar o acesso e a qualidade da educa\u00e7\u00e3o, preparando os estudantes para um mundo digitalizado.<\/p>\n\n\n\n<p>Fonte : Jornal de Angola<\/p>\n\n\n\n<figure class=\"wp-block-image size-large\"><img loading=\"lazy\" decoding=\"async\" width=\"1024\" height=\"768\" src=\"https:\/\/tvbelas.com\/tvbelas\/wp-content\/uploads\/2026\/02\/618650745_1376662107838516_7417721667806568566_n-1-1-1024x768.jpg\" alt=\"\" class=\"wp-image-19367\" srcset=\"https:\/\/tvbelas.com\/tvbelas\/wp-content\/uploads\/2026\/02\/618650745_1376662107838516_7417721667806568566_n-1-1-1024x768.jpg 1024w, https:\/\/tvbelas.com\/tvbelas\/wp-content\/uploads\/2026\/02\/618650745_1376662107838516_7417721667806568566_n-1-1-300x225.jpg 300w, https:\/\/tvbelas.com\/tvbelas\/wp-content\/uploads\/2026\/02\/618650745_1376662107838516_7417721667806568566_n-1-1-768x576.jpg 768w, https:\/\/tvbelas.com\/tvbelas\/wp-content\/uploads\/2026\/02\/618650745_1376662107838516_7417721667806568566_n-1-1-150x113.jpg 150w, https:\/\/tvbelas.com\/tvbelas\/wp-content\/uploads\/2026\/02\/618650745_1376662107838516_7417721667806568566_n-1-1-696x522.jpg 696w, https:\/\/tvbelas.com\/tvbelas\/wp-content\/uploads\/2026\/02\/618650745_1376662107838516_7417721667806568566_n-1-1-1068x801.jpg 1068w, https:\/\/tvbelas.com\/tvbelas\/wp-content\/uploads\/2026\/02\/618650745_1376662107838516_7417721667806568566_n-1-1-560x420.jpg 560w, https:\/\/tvbelas.com\/tvbelas\/wp-content\/uploads\/2026\/02\/618650745_1376662107838516_7417721667806568566_n-1-1-265x198.jpg 265w, https:\/\/tvbelas.com\/tvbelas\/wp-content\/uploads\/2026\/02\/618650745_1376662107838516_7417721667806568566_n-1-1.jpg 1280w\" sizes=\"auto, (max-width: 1024px) 100vw, 1024px\" \/><\/figure>\n","protected":false},"excerpt":{"rendered":"<p>Angola come\u00e7ar\u00e1 a integrar a Intelig\u00eancia Artificial (IA) nas escolas, com um projeto-piloto em 10 escolas prim\u00e1rias, anunciou a ministra da Educa\u00e7\u00e3o, Lu\u00edsa Grilo, durante a Cimeira Mundial de Governos, no Dubai. A iniciativa faz parte do memorando de entendimento assinado em 2024 com a Escola Digital dos Emirados \u00c1rabes Unidos. A primeira fase do [&hellip;]<\/p>\n","protected":false},"author":1,"featured_media":19367,"comment_status":"open","ping_status":"closed","sticky":false,"template":"","format":"standard","meta":{"footnotes":""},"categories":[12],"tags":[],"class_list":{"0":"post-19365","1":"post","2":"type-post","3":"status-publish","4":"format-standard","5":"has-post-thumbnail","7":"category-politica-angola"},"amp_enabled":true,"_links":{"self":[{"href":"https:\/\/tvbelas.com\/tvbelas\/wp-json\/wp\/v2\/posts\/19365","targetHints":{"allow":["GET"]}}],"collection":[{"href":"https:\/\/tvbelas.com\/tvbelas\/wp-json\/wp\/v2\/posts"}],"about":[{"href":"https:\/\/tvbelas.com\/tvbelas\/wp-json\/wp\/v2\/types\/post"}],"author":[{"embeddable":true,"href":"https:\/\/tvbelas.com\/tvbelas\/wp-json\/wp\/v2\/users\/1"}],"replies":[{"embeddable":true,"href":"https:\/\/tvbelas.com\/tvbelas\/wp-json\/wp\/v2\/comments?post=19365"}],"version-history":[{"count":1,"href":"https:\/\/tvbelas.com\/tvbelas\/wp-json\/wp\/v2\/posts\/19365\/revisions"}],"predecessor-version":[{"id":19368,"href":"https:\/\/tvbelas.com\/tvbelas\/wp-json\/wp\/v2\/posts\/19365\/revisions\/19368"}],"wp:featuredmedia":[{"embeddable":true,"href":"https:\/\/tvbelas.com\/tvbelas\/wp-json\/wp\/v2\/media\/19367"}],"wp:attachment":[{"href":"https:\/\/tvbelas.com\/tvbelas\/wp-json\/wp\/v2\/media?parent=19365"}],"wp:term":[{"taxonomy":"category","embeddable":true,"href":"https:\/\/tvbelas.com\/tvbelas\/wp-json\/wp\/v2\/categories?post=19365"},{"taxonomy":"post_tag","embeddable":true,"href":"https:\/\/tvbelas.com\/tvbelas\/wp-json\/wp\/v2\/tags?post=19365"}],"curies":[{"name":"wp","href":"https:\/\/api.w.org\/{rel}","templated":true}]}}