{"id":19369,"date":"2026-02-05T17:34:59","date_gmt":"2026-02-05T16:34:59","guid":{"rendered":"https:\/\/tvbelas.com\/tvbelas\/?p=19369"},"modified":"2026-02-05T17:35:00","modified_gmt":"2026-02-05T16:35:00","slug":"santa-rita-de-cassia-focado-no-duelo-diante-do-ambaca-fc","status":"publish","type":"post","link":"https:\/\/tvbelas.com\/tvbelas\/noticias\/desporto\/santa-rita-de-cassia-focado-no-duelo-diante-do-ambaca-fc\/","title":{"rendered":"SANTA RITA DE C\u00c1SSIA FOCADO NO DUELO DIANTE DO AMBACA FC"},"content":{"rendered":"\n<p>A equipa do Santa Rita de C\u00e1ssia do U\u00edge mant\u00e9m-se concentrada na prepara\u00e7\u00e3o do pr\u00f3ximo compromisso frente ao Ambaca FC, referente \u00e0 segunda jornada do zonal de apuramento \u00e0 Liga Girabola.<\/p>\n\n\n\n<p>O encontro est\u00e1 agendado para domingo, 8 de fevereiro, no Est\u00e1dio Nacional Vicy Ant\u00f3nio, no U\u00edge, e surge como uma oportunidade para os cat\u00f3licos conquistarem a primeira vit\u00f3ria na presente fase da competi\u00e7\u00e3o.<\/p>\n\n\n\n<p>Depois do empate a uma bola na ronda inaugural diante do Sporting de Luanda, a forma\u00e7\u00e3o orientada por Nzolani Pedro aposta numa postura mais assertiva, com o objetivo de somar os tr\u00eas pontos e ganhar confian\u00e7a na caminhada rumo ao apuramento.<\/p>\n\n\n\n<p>Na classifica\u00e7\u00e3o, o Santa Rita de C\u00e1ssia ocupa a terceira posi\u00e7\u00e3o, com um ponto, enquanto o Ambaca FC, da prov\u00edncia do Kwanza-Norte, surge na quinta coloca\u00e7\u00e3o, igualmente com um ponto somado.<\/p>\n\n\n\n<figure class=\"wp-block-image size-large\"><img loading=\"lazy\" decoding=\"async\" width=\"1024\" height=\"768\" src=\"https:\/\/tvbelas.com\/tvbelas\/wp-content\/uploads\/2026\/02\/626436248_1448062913343890_2080273686790788070_n-1024x768.jpg\" alt=\"\" class=\"wp-image-19370\" srcset=\"https:\/\/tvbelas.com\/tvbelas\/wp-content\/uploads\/2026\/02\/626436248_1448062913343890_2080273686790788070_n-1024x768.jpg 1024w, https:\/\/tvbelas.com\/tvbelas\/wp-content\/uploads\/2026\/02\/626436248_1448062913343890_2080273686790788070_n-300x225.jpg 300w, https:\/\/tvbelas.com\/tvbelas\/wp-content\/uploads\/2026\/02\/626436248_1448062913343890_2080273686790788070_n-768x576.jpg 768w, https:\/\/tvbelas.com\/tvbelas\/wp-content\/uploads\/2026\/02\/626436248_1448062913343890_2080273686790788070_n-150x113.jpg 150w, https:\/\/tvbelas.com\/tvbelas\/wp-content\/uploads\/2026\/02\/626436248_1448062913343890_2080273686790788070_n-696x522.jpg 696w, https:\/\/tvbelas.com\/tvbelas\/wp-content\/uploads\/2026\/02\/626436248_1448062913343890_2080273686790788070_n-1068x801.jpg 1068w, https:\/\/tvbelas.com\/tvbelas\/wp-content\/uploads\/2026\/02\/626436248_1448062913343890_2080273686790788070_n-560x420.jpg 560w, https:\/\/tvbelas.com\/tvbelas\/wp-content\/uploads\/2026\/02\/626436248_1448062913343890_2080273686790788070_n-265x198.jpg 265w, https:\/\/tvbelas.com\/tvbelas\/wp-content\/uploads\/2026\/02\/626436248_1448062913343890_2080273686790788070_n.jpg 1152w\" sizes=\"auto, (max-width: 1024px) 100vw, 1024px\" \/><\/figure>\n","protected":false},"excerpt":{"rendered":"<p>A equipa do Santa Rita de C\u00e1ssia do U\u00edge mant\u00e9m-se concentrada na prepara\u00e7\u00e3o do pr\u00f3ximo compromisso frente ao Ambaca FC, referente \u00e0 segunda jornada do zonal de apuramento \u00e0 Liga Girabola. O encontro est\u00e1 agendado para domingo, 8 de fevereiro, no Est\u00e1dio Nacional Vicy Ant\u00f3nio, no U\u00edge, e surge como uma oportunidade para os cat\u00f3licos [&hellip;]<\/p>\n","protected":false},"author":1,"featured_media":19370,"comment_status":"open","ping_status":"closed","sticky":false,"template":"","format":"standard","meta":{"footnotes":""},"categories":[19],"tags":[],"class_list":{"0":"post-19369","1":"post","2":"type-post","3":"status-publish","4":"format-standard","5":"has-post-thumbnail","7":"category-desporto"},"amp_enabled":true,"_links":{"self":[{"href":"https:\/\/tvbelas.com\/tvbelas\/wp-json\/wp\/v2\/posts\/19369","targetHints":{"allow":["GET"]}}],"collection":[{"href":"https:\/\/tvbelas.com\/tvbelas\/wp-json\/wp\/v2\/posts"}],"about":[{"href":"https:\/\/tvbelas.com\/tvbelas\/wp-json\/wp\/v2\/types\/post"}],"author":[{"embeddable":true,"href":"https:\/\/tvbelas.com\/tvbelas\/wp-json\/wp\/v2\/users\/1"}],"replies":[{"embeddable":true,"href":"https:\/\/tvbelas.com\/tvbelas\/wp-json\/wp\/v2\/comments?post=19369"}],"version-history":[{"count":1,"href":"https:\/\/tvbelas.com\/tvbelas\/wp-json\/wp\/v2\/posts\/19369\/revisions"}],"predecessor-version":[{"id":19371,"href":"https:\/\/tvbelas.com\/tvbelas\/wp-json\/wp\/v2\/posts\/19369\/revisions\/19371"}],"wp:featuredmedia":[{"embeddable":true,"href":"https:\/\/tvbelas.com\/tvbelas\/wp-json\/wp\/v2\/media\/19370"}],"wp:attachment":[{"href":"https:\/\/tvbelas.com\/tvbelas\/wp-json\/wp\/v2\/media?parent=19369"}],"wp:term":[{"taxonomy":"category","embeddable":true,"href":"https:\/\/tvbelas.com\/tvbelas\/wp-json\/wp\/v2\/categories?post=19369"},{"taxonomy":"post_tag","embeddable":true,"href":"https:\/\/tvbelas.com\/tvbelas\/wp-json\/wp\/v2\/tags?post=19369"}],"curies":[{"name":"wp","href":"https:\/\/api.w.org\/{rel}","templated":true}]}}