{"id":19389,"date":"2026-02-07T08:57:46","date_gmt":"2026-02-07T07:57:46","guid":{"rendered":"https:\/\/tvbelas.com\/tvbelas\/?p=19389"},"modified":"2026-02-07T08:57:47","modified_gmt":"2026-02-07T07:57:47","slug":"faf-garante-construcao-de-sede-de-raiz-da-apf-no-icolo-e-bengo","status":"publish","type":"post","link":"https:\/\/tvbelas.com\/tvbelas\/noticias\/desporto\/faf-garante-construcao-de-sede-de-raiz-da-apf-no-icolo-e-bengo\/","title":{"rendered":"FAF GARANTE CONSTRU\u00c7\u00c3O DE SEDE DE RAIZ DA APF NO \u00cdCOLO E BENGO"},"content":{"rendered":"\n<p>A Federa\u00e7\u00e3o Angolana de Futebol (FAF) garantiu a constru\u00e7\u00e3o de uma sede de raiz para a Associa\u00e7\u00e3o Provincial de Futebol (APF) do \u00cdcolo e Bengo, no \u00e2mbito das visitas que a institui\u00e7\u00e3o vem realizando \u00e0s diferentes prov\u00edncias do pa\u00eds.<\/p>\n\n\n\n<p>Depois de passar por outras regi\u00f5es, a delega\u00e7\u00e3o da FAF esteve, na manh\u00e3 desta sexta-feira, 6 de janeiro, na prov\u00edncia do \u00cdcolo e Bengo, com o objetivo de constatar a realidade dos clubes e da Associa\u00e7\u00e3o Provincial de Futebol na mais recente prov\u00edncia do mapa nacional.<\/p>\n\n\n\n<p>Durante o encontro, uma das principais preocupa\u00e7\u00f5es apresentadas foi a necessidade de uma sede pr\u00f3pria para a APF do \u00cdcolo e Bengo, quest\u00e3o que passou a constar como prioridade na agenda da dire\u00e7\u00e3o da FAF.<\/p>\n\n\n\n<p>De acordo com Paulo Magueijo, vice-presidente da Federa\u00e7\u00e3o Angolana de Futebol, a Associa\u00e7\u00e3o Provincial de Futebol do \u00cdcolo e Bengo funciona atualmente numa estrutura cedida pelo Governo Provincial, situa\u00e7\u00e3o que limita o normal desenvolvimento das suas atividades administrativas e desportivas.<\/p>\n\n\n\n<p>Por sua vez, o presidente da FAF, Alves Sim\u00f5es, garantiu total apoio \u00e0 prov\u00edncia do \u00cdcolo e Bengo, sublinhando o compromisso da federa\u00e7\u00e3o com o desenvolvimento do futebol na regi\u00e3o. O dirigente destacou ainda a aposta na forma\u00e7\u00e3o de treinadores, \u00e1rbitros e dirigentes, com vista a transformar o \u00cdcolo e Bengo numa das grandes pot\u00eancias do futebol nacional, tendo em conta o potencial humano, as equipas e os t\u00e9cnicos que a prov\u00edncia j\u00e1 possui.<\/p>\n\n\n\n<figure class=\"wp-block-gallery has-nested-images columns-default is-cropped wp-block-gallery-1 is-layout-flex wp-block-gallery-is-layout-flex\">\n<figure class=\"wp-block-image size-large\"><img loading=\"lazy\" decoding=\"async\" width=\"1024\" height=\"768\" data-id=\"19390\" src=\"https:\/\/tvbelas.com\/tvbelas\/wp-content\/uploads\/2026\/02\/WhatsApp-Image-2026-02-07-at-02.35.02-1-1024x768.jpeg\" alt=\"\" class=\"wp-image-19390\" srcset=\"https:\/\/tvbelas.com\/tvbelas\/wp-content\/uploads\/2026\/02\/WhatsApp-Image-2026-02-07-at-02.35.02-1-1024x768.jpeg 1024w, https:\/\/tvbelas.com\/tvbelas\/wp-content\/uploads\/2026\/02\/WhatsApp-Image-2026-02-07-at-02.35.02-1-300x225.jpeg 300w, https:\/\/tvbelas.com\/tvbelas\/wp-content\/uploads\/2026\/02\/WhatsApp-Image-2026-02-07-at-02.35.02-1-768x576.jpeg 768w, https:\/\/tvbelas.com\/tvbelas\/wp-content\/uploads\/2026\/02\/WhatsApp-Image-2026-02-07-at-02.35.02-1-150x113.jpeg 150w, https:\/\/tvbelas.com\/tvbelas\/wp-content\/uploads\/2026\/02\/WhatsApp-Image-2026-02-07-at-02.35.02-1-696x522.jpeg 696w, https:\/\/tvbelas.com\/tvbelas\/wp-content\/uploads\/2026\/02\/WhatsApp-Image-2026-02-07-at-02.35.02-1-1068x801.jpeg 1068w, https:\/\/tvbelas.com\/tvbelas\/wp-content\/uploads\/2026\/02\/WhatsApp-Image-2026-02-07-at-02.35.02-1-560x420.jpeg 560w, https:\/\/tvbelas.com\/tvbelas\/wp-content\/uploads\/2026\/02\/WhatsApp-Image-2026-02-07-at-02.35.02-1-265x198.jpeg 265w, https:\/\/tvbelas.com\/tvbelas\/wp-content\/uploads\/2026\/02\/WhatsApp-Image-2026-02-07-at-02.35.02-1.jpeg 1280w\" sizes=\"auto, (max-width: 1024px) 100vw, 1024px\" \/><\/figure>\n\n\n\n<figure class=\"wp-block-image size-large\"><img loading=\"lazy\" decoding=\"async\" width=\"1024\" height=\"768\" data-id=\"19392\" src=\"https:\/\/tvbelas.com\/tvbelas\/wp-content\/uploads\/2026\/02\/WhatsApp-Image-2026-02-07-at-02.35.02-2-1024x768.jpeg\" alt=\"\" class=\"wp-image-19392\" srcset=\"https:\/\/tvbelas.com\/tvbelas\/wp-content\/uploads\/2026\/02\/WhatsApp-Image-2026-02-07-at-02.35.02-2-1024x768.jpeg 1024w, https:\/\/tvbelas.com\/tvbelas\/wp-content\/uploads\/2026\/02\/WhatsApp-Image-2026-02-07-at-02.35.02-2-300x225.jpeg 300w, https:\/\/tvbelas.com\/tvbelas\/wp-content\/uploads\/2026\/02\/WhatsApp-Image-2026-02-07-at-02.35.02-2-768x576.jpeg 768w, https:\/\/tvbelas.com\/tvbelas\/wp-content\/uploads\/2026\/02\/WhatsApp-Image-2026-02-07-at-02.35.02-2-150x113.jpeg 150w, https:\/\/tvbelas.com\/tvbelas\/wp-content\/uploads\/2026\/02\/WhatsApp-Image-2026-02-07-at-02.35.02-2-696x522.jpeg 696w, https:\/\/tvbelas.com\/tvbelas\/wp-content\/uploads\/2026\/02\/WhatsApp-Image-2026-02-07-at-02.35.02-2-1068x801.jpeg 1068w, https:\/\/tvbelas.com\/tvbelas\/wp-content\/uploads\/2026\/02\/WhatsApp-Image-2026-02-07-at-02.35.02-2-560x420.jpeg 560w, https:\/\/tvbelas.com\/tvbelas\/wp-content\/uploads\/2026\/02\/WhatsApp-Image-2026-02-07-at-02.35.02-2-265x198.jpeg 265w, https:\/\/tvbelas.com\/tvbelas\/wp-content\/uploads\/2026\/02\/WhatsApp-Image-2026-02-07-at-02.35.02-2.jpeg 1280w\" sizes=\"auto, (max-width: 1024px) 100vw, 1024px\" \/><\/figure>\n\n\n\n<figure class=\"wp-block-image size-large\"><img loading=\"lazy\" decoding=\"async\" width=\"1024\" height=\"768\" data-id=\"19391\" src=\"https:\/\/tvbelas.com\/tvbelas\/wp-content\/uploads\/2026\/02\/WhatsApp-Image-2026-02-07-at-02.35.02-3-1024x768.jpeg\" alt=\"\" class=\"wp-image-19391\" srcset=\"https:\/\/tvbelas.com\/tvbelas\/wp-content\/uploads\/2026\/02\/WhatsApp-Image-2026-02-07-at-02.35.02-3-1024x768.jpeg 1024w, https:\/\/tvbelas.com\/tvbelas\/wp-content\/uploads\/2026\/02\/WhatsApp-Image-2026-02-07-at-02.35.02-3-300x225.jpeg 300w, https:\/\/tvbelas.com\/tvbelas\/wp-content\/uploads\/2026\/02\/WhatsApp-Image-2026-02-07-at-02.35.02-3-768x576.jpeg 768w, https:\/\/tvbelas.com\/tvbelas\/wp-content\/uploads\/2026\/02\/WhatsApp-Image-2026-02-07-at-02.35.02-3-150x113.jpeg 150w, https:\/\/tvbelas.com\/tvbelas\/wp-content\/uploads\/2026\/02\/WhatsApp-Image-2026-02-07-at-02.35.02-3-696x522.jpeg 696w, https:\/\/tvbelas.com\/tvbelas\/wp-content\/uploads\/2026\/02\/WhatsApp-Image-2026-02-07-at-02.35.02-3-1068x801.jpeg 1068w, https:\/\/tvbelas.com\/tvbelas\/wp-content\/uploads\/2026\/02\/WhatsApp-Image-2026-02-07-at-02.35.02-3-560x420.jpeg 560w, https:\/\/tvbelas.com\/tvbelas\/wp-content\/uploads\/2026\/02\/WhatsApp-Image-2026-02-07-at-02.35.02-3-265x198.jpeg 265w, https:\/\/tvbelas.com\/tvbelas\/wp-content\/uploads\/2026\/02\/WhatsApp-Image-2026-02-07-at-02.35.02-3.jpeg 1280w\" sizes=\"auto, (max-width: 1024px) 100vw, 1024px\" \/><\/figure>\n\n\n\n<figure class=\"wp-block-image size-large\"><img loading=\"lazy\" decoding=\"async\" width=\"1024\" height=\"768\" data-id=\"19394\" src=\"https:\/\/tvbelas.com\/tvbelas\/wp-content\/uploads\/2026\/02\/WhatsApp-Image-2026-02-07-at-02.35.02-4-1024x768.jpeg\" alt=\"\" class=\"wp-image-19394\" srcset=\"https:\/\/tvbelas.com\/tvbelas\/wp-content\/uploads\/2026\/02\/WhatsApp-Image-2026-02-07-at-02.35.02-4-1024x768.jpeg 1024w, https:\/\/tvbelas.com\/tvbelas\/wp-content\/uploads\/2026\/02\/WhatsApp-Image-2026-02-07-at-02.35.02-4-300x225.jpeg 300w, https:\/\/tvbelas.com\/tvbelas\/wp-content\/uploads\/2026\/02\/WhatsApp-Image-2026-02-07-at-02.35.02-4-768x576.jpeg 768w, https:\/\/tvbelas.com\/tvbelas\/wp-content\/uploads\/2026\/02\/WhatsApp-Image-2026-02-07-at-02.35.02-4-150x113.jpeg 150w, https:\/\/tvbelas.com\/tvbelas\/wp-content\/uploads\/2026\/02\/WhatsApp-Image-2026-02-07-at-02.35.02-4-696x522.jpeg 696w, https:\/\/tvbelas.com\/tvbelas\/wp-content\/uploads\/2026\/02\/WhatsApp-Image-2026-02-07-at-02.35.02-4-1068x801.jpeg 1068w, https:\/\/tvbelas.com\/tvbelas\/wp-content\/uploads\/2026\/02\/WhatsApp-Image-2026-02-07-at-02.35.02-4-560x420.jpeg 560w, https:\/\/tvbelas.com\/tvbelas\/wp-content\/uploads\/2026\/02\/WhatsApp-Image-2026-02-07-at-02.35.02-4-265x198.jpeg 265w, https:\/\/tvbelas.com\/tvbelas\/wp-content\/uploads\/2026\/02\/WhatsApp-Image-2026-02-07-at-02.35.02-4.jpeg 1280w\" sizes=\"auto, (max-width: 1024px) 100vw, 1024px\" \/><\/figure>\n\n\n\n<figure class=\"wp-block-image size-large\"><img loading=\"lazy\" decoding=\"async\" width=\"1024\" height=\"768\" data-id=\"19393\" src=\"https:\/\/tvbelas.com\/tvbelas\/wp-content\/uploads\/2026\/02\/WhatsApp-Image-2026-02-07-at-02.35.02-1024x768.jpeg\" alt=\"\" class=\"wp-image-19393\" srcset=\"https:\/\/tvbelas.com\/tvbelas\/wp-content\/uploads\/2026\/02\/WhatsApp-Image-2026-02-07-at-02.35.02-1024x768.jpeg 1024w, https:\/\/tvbelas.com\/tvbelas\/wp-content\/uploads\/2026\/02\/WhatsApp-Image-2026-02-07-at-02.35.02-300x225.jpeg 300w, https:\/\/tvbelas.com\/tvbelas\/wp-content\/uploads\/2026\/02\/WhatsApp-Image-2026-02-07-at-02.35.02-768x576.jpeg 768w, https:\/\/tvbelas.com\/tvbelas\/wp-content\/uploads\/2026\/02\/WhatsApp-Image-2026-02-07-at-02.35.02-150x113.jpeg 150w, https:\/\/tvbelas.com\/tvbelas\/wp-content\/uploads\/2026\/02\/WhatsApp-Image-2026-02-07-at-02.35.02-696x522.jpeg 696w, https:\/\/tvbelas.com\/tvbelas\/wp-content\/uploads\/2026\/02\/WhatsApp-Image-2026-02-07-at-02.35.02-1068x801.jpeg 1068w, https:\/\/tvbelas.com\/tvbelas\/wp-content\/uploads\/2026\/02\/WhatsApp-Image-2026-02-07-at-02.35.02-560x420.jpeg 560w, https:\/\/tvbelas.com\/tvbelas\/wp-content\/uploads\/2026\/02\/WhatsApp-Image-2026-02-07-at-02.35.02-265x198.jpeg 265w, https:\/\/tvbelas.com\/tvbelas\/wp-content\/uploads\/2026\/02\/WhatsApp-Image-2026-02-07-at-02.35.02.jpeg 1280w\" sizes=\"auto, (max-width: 1024px) 100vw, 1024px\" \/><\/figure>\n\n\n\n<figure class=\"wp-block-image size-large\"><img loading=\"lazy\" decoding=\"async\" width=\"1024\" height=\"768\" data-id=\"19395\" src=\"https:\/\/tvbelas.com\/tvbelas\/wp-content\/uploads\/2026\/02\/WhatsApp-Image-2026-02-07-at-02.35.03-1024x768.jpeg\" alt=\"\" class=\"wp-image-19395\" srcset=\"https:\/\/tvbelas.com\/tvbelas\/wp-content\/uploads\/2026\/02\/WhatsApp-Image-2026-02-07-at-02.35.03-1024x768.jpeg 1024w, https:\/\/tvbelas.com\/tvbelas\/wp-content\/uploads\/2026\/02\/WhatsApp-Image-2026-02-07-at-02.35.03-300x225.jpeg 300w, https:\/\/tvbelas.com\/tvbelas\/wp-content\/uploads\/2026\/02\/WhatsApp-Image-2026-02-07-at-02.35.03-768x576.jpeg 768w, https:\/\/tvbelas.com\/tvbelas\/wp-content\/uploads\/2026\/02\/WhatsApp-Image-2026-02-07-at-02.35.03-150x113.jpeg 150w, https:\/\/tvbelas.com\/tvbelas\/wp-content\/uploads\/2026\/02\/WhatsApp-Image-2026-02-07-at-02.35.03-696x522.jpeg 696w, https:\/\/tvbelas.com\/tvbelas\/wp-content\/uploads\/2026\/02\/WhatsApp-Image-2026-02-07-at-02.35.03-1068x801.jpeg 1068w, https:\/\/tvbelas.com\/tvbelas\/wp-content\/uploads\/2026\/02\/WhatsApp-Image-2026-02-07-at-02.35.03-560x420.jpeg 560w, https:\/\/tvbelas.com\/tvbelas\/wp-content\/uploads\/2026\/02\/WhatsApp-Image-2026-02-07-at-02.35.03-265x198.jpeg 265w, https:\/\/tvbelas.com\/tvbelas\/wp-content\/uploads\/2026\/02\/WhatsApp-Image-2026-02-07-at-02.35.03.jpeg 1280w\" sizes=\"auto, (max-width: 1024px) 100vw, 1024px\" \/><\/figure>\n<\/figure>\n","protected":false},"excerpt":{"rendered":"<p>A Federa\u00e7\u00e3o Angolana de Futebol (FAF) garantiu a constru\u00e7\u00e3o de uma sede de raiz para a Associa\u00e7\u00e3o Provincial de Futebol (APF) do \u00cdcolo e Bengo, no \u00e2mbito das visitas que a institui\u00e7\u00e3o vem realizando \u00e0s diferentes prov\u00edncias do pa\u00eds. Depois de passar por outras regi\u00f5es, a delega\u00e7\u00e3o da FAF esteve, na manh\u00e3 desta sexta-feira, 6 [&hellip;]<\/p>\n","protected":false},"author":1,"featured_media":19394,"comment_status":"open","ping_status":"closed","sticky":false,"template":"","format":"standard","meta":{"footnotes":""},"categories":[19],"tags":[],"class_list":{"0":"post-19389","1":"post","2":"type-post","3":"status-publish","4":"format-standard","5":"has-post-thumbnail","7":"category-desporto"},"amp_enabled":true,"_links":{"self":[{"href":"https:\/\/tvbelas.com\/tvbelas\/wp-json\/wp\/v2\/posts\/19389","targetHints":{"allow":["GET"]}}],"collection":[{"href":"https:\/\/tvbelas.com\/tvbelas\/wp-json\/wp\/v2\/posts"}],"about":[{"href":"https:\/\/tvbelas.com\/tvbelas\/wp-json\/wp\/v2\/types\/post"}],"author":[{"embeddable":true,"href":"https:\/\/tvbelas.com\/tvbelas\/wp-json\/wp\/v2\/users\/1"}],"replies":[{"embeddable":true,"href":"https:\/\/tvbelas.com\/tvbelas\/wp-json\/wp\/v2\/comments?post=19389"}],"version-history":[{"count":1,"href":"https:\/\/tvbelas.com\/tvbelas\/wp-json\/wp\/v2\/posts\/19389\/revisions"}],"predecessor-version":[{"id":19396,"href":"https:\/\/tvbelas.com\/tvbelas\/wp-json\/wp\/v2\/posts\/19389\/revisions\/19396"}],"wp:featuredmedia":[{"embeddable":true,"href":"https:\/\/tvbelas.com\/tvbelas\/wp-json\/wp\/v2\/media\/19394"}],"wp:attachment":[{"href":"https:\/\/tvbelas.com\/tvbelas\/wp-json\/wp\/v2\/media?parent=19389"}],"wp:term":[{"taxonomy":"category","embeddable":true,"href":"https:\/\/tvbelas.com\/tvbelas\/wp-json\/wp\/v2\/categories?post=19389"},{"taxonomy":"post_tag","embeddable":true,"href":"https:\/\/tvbelas.com\/tvbelas\/wp-json\/wp\/v2\/tags?post=19389"}],"curies":[{"name":"wp","href":"https:\/\/api.w.org\/{rel}","templated":true}]}}