{"id":19398,"date":"2026-02-07T10:11:41","date_gmt":"2026-02-07T09:11:41","guid":{"rendered":"https:\/\/tvbelas.com\/tvbelas\/?p=19398"},"modified":"2026-02-07T10:11:43","modified_gmt":"2026-02-07T09:11:43","slug":"camaroes-recua-para-evitar-goleada-e-tv-belas-regista-prejuizo-de-3-800-000-de-kwanzas","status":"publish","type":"post","link":"https:\/\/tvbelas.com\/tvbelas\/noticias\/desporto\/camaroes-recua-para-evitar-goleada-e-tv-belas-regista-prejuizo-de-3-800-000-de-kwanzas\/","title":{"rendered":"CAMAR\u00d5ES RECUA PARA EVITAR GOLEADA E TV BELAS REGISTA PREJU\u00cdZO DE 3.800.000 DE KWANZAS"},"content":{"rendered":"\n<p>O jogo da segunda m\u00e3o referente \u00e0 eliminat\u00f3ria de apuramento para o CAN de Futsal 2026 j\u00e1 n\u00e3o vai acontecer, em virtude da n\u00e3o compar\u00eancia da Sele\u00e7\u00e3o Nacional dos Camar\u00f5es, que at\u00e9 ao momento n\u00e3o se encontra em territ\u00f3rio angolano, facto que levou ao cancelamento oficial da partida.<\/p>\n\n\n\n<p>Com a n\u00e3o realiza\u00e7\u00e3o do encontro, a TV Belas registou um preju\u00edzo financeiro avaliado em 3.800.000 kz, resultante de um investimento previamente feito para acolher o evento, no \u00e2mbito do projecto Camarotes Futsal TV Belas.<\/p>\n\n\n\n<p>Segundo dados avan\u00e7ados pelo Departamento de Projectos Especiais da TV Belas, um total de 38 pessoas havia adquirido pacotes para o jogo. Deste n\u00famero, 10 clientes compraram pacotes fam\u00edlia no valor de 90 mil kz, enquanto 15 adquiriram pacotes fam\u00edlia promocionais avaliados em 50 mil kz. Os restantes clientes optaram por outros pacotes dispon\u00edveis.<\/p>\n\n\n\n<p>Para o evento, a TV Belas investiu na montagem de seis camarotes, tendo sido j\u00e1 efetuadas despesas significativas com a compra de bebidas, comidas, decora\u00e7\u00e3o, brinquedos para crian\u00e7as e outros servi\u00e7os essenciais que faziam parte dos pacotes, visando garantir conforto e uma experi\u00eancia diferenciada aos clientes.<\/p>\n\n\n\n<p>O CEO da TV Belas sublinhou que o investimento foi feito com o objectivo de refor\u00e7ar o compromisso da esta\u00e7\u00e3o com o desporto nacional, em particular o futsal, bem como aumentar a visibilidade da modalidade. Segundo o respons\u00e1vel, a estrat\u00e9gia passa por aproximar a elite empresarial angolana ao futsal, criando um ambiente mais atrativo e sustent\u00e1vel para a modalidade.<\/p>\n\n\n\n<p>O CEO revelou ainda que existem reservas de grandes empresas ligadas aos sectores da banca e dos seguros, que manifestaram interesse em integrar os camarotes Futsal TV Belas, o que demonstra o potencial do projecto, agora afectado pela n\u00e3o realiza\u00e7\u00e3o do jogo.<\/p>\n\n\n\n<p>Face aos preju\u00edzos causados, a TV Belas espera um pronunciamento convincente por parte da Federa\u00e7\u00e3o Camaronesa de Futebol e da Confedera\u00e7\u00e3o Africana de Futebol (CAF), sublinhando que, para al\u00e9m da esta\u00e7\u00e3o televisiva, v\u00e1rias outras entidades e agentes econ\u00f3micos realizaram investimentos com vista \u00e0 realiza\u00e7\u00e3o deste jogo.<\/p>\n\n\n\n<p>Refira-se que a Sele\u00e7\u00e3o Camaronesa de Futsal ter\u00e1 recuado para evitar uma poss\u00edvel goleada em pleno Arena do Kilamba, deixando Angola sem o espet\u00e1culo esperado e causando impactos financeiros relevantes aos organizadores e parceiros envolvidos<\/p>\n\n\n\n<figure class=\"wp-block-image size-large\"><img loading=\"lazy\" decoding=\"async\" width=\"1024\" height=\"683\" src=\"https:\/\/tvbelas.com\/tvbelas\/wp-content\/uploads\/2026\/02\/628149975_1184489203844852_7179154192728124950_n-1024x683.jpg\" alt=\"\" class=\"wp-image-19400\" srcset=\"https:\/\/tvbelas.com\/tvbelas\/wp-content\/uploads\/2026\/02\/628149975_1184489203844852_7179154192728124950_n-1024x683.jpg 1024w, https:\/\/tvbelas.com\/tvbelas\/wp-content\/uploads\/2026\/02\/628149975_1184489203844852_7179154192728124950_n-300x200.jpg 300w, https:\/\/tvbelas.com\/tvbelas\/wp-content\/uploads\/2026\/02\/628149975_1184489203844852_7179154192728124950_n-768x512.jpg 768w, https:\/\/tvbelas.com\/tvbelas\/wp-content\/uploads\/2026\/02\/628149975_1184489203844852_7179154192728124950_n-150x100.jpg 150w, https:\/\/tvbelas.com\/tvbelas\/wp-content\/uploads\/2026\/02\/628149975_1184489203844852_7179154192728124950_n-696x464.jpg 696w, https:\/\/tvbelas.com\/tvbelas\/wp-content\/uploads\/2026\/02\/628149975_1184489203844852_7179154192728124950_n-1068x712.jpg 1068w, https:\/\/tvbelas.com\/tvbelas\/wp-content\/uploads\/2026\/02\/628149975_1184489203844852_7179154192728124950_n-630x420.jpg 630w, https:\/\/tvbelas.com\/tvbelas\/wp-content\/uploads\/2026\/02\/628149975_1184489203844852_7179154192728124950_n.jpg 1440w\" sizes=\"auto, (max-width: 1024px) 100vw, 1024px\" \/><\/figure>\n\n\n\n<figure class=\"wp-block-image size-large\"><img loading=\"lazy\" decoding=\"async\" width=\"1024\" height=\"724\" src=\"https:\/\/tvbelas.com\/tvbelas\/wp-content\/uploads\/2026\/02\/Tv-belas-TV-1024x724.png\" alt=\"\" class=\"wp-image-19399\" srcset=\"https:\/\/tvbelas.com\/tvbelas\/wp-content\/uploads\/2026\/02\/Tv-belas-TV-1024x724.png 1024w, https:\/\/tvbelas.com\/tvbelas\/wp-content\/uploads\/2026\/02\/Tv-belas-TV-300x212.png 300w, https:\/\/tvbelas.com\/tvbelas\/wp-content\/uploads\/2026\/02\/Tv-belas-TV-768x543.png 768w, https:\/\/tvbelas.com\/tvbelas\/wp-content\/uploads\/2026\/02\/Tv-belas-TV-1536x1086.png 1536w, https:\/\/tvbelas.com\/tvbelas\/wp-content\/uploads\/2026\/02\/Tv-belas-TV-2048x1448.png 2048w, https:\/\/tvbelas.com\/tvbelas\/wp-content\/uploads\/2026\/02\/Tv-belas-TV-150x106.png 150w, https:\/\/tvbelas.com\/tvbelas\/wp-content\/uploads\/2026\/02\/Tv-belas-TV-696x492.png 696w, https:\/\/tvbelas.com\/tvbelas\/wp-content\/uploads\/2026\/02\/Tv-belas-TV-1068x755.png 1068w, https:\/\/tvbelas.com\/tvbelas\/wp-content\/uploads\/2026\/02\/Tv-belas-TV-1920x1357.png 1920w, https:\/\/tvbelas.com\/tvbelas\/wp-content\/uploads\/2026\/02\/Tv-belas-TV-594x420.png 594w, https:\/\/tvbelas.com\/tvbelas\/wp-content\/uploads\/2026\/02\/Tv-belas-TV-100x70.png 100w\" sizes=\"auto, (max-width: 1024px) 100vw, 1024px\" \/><\/figure>\n","protected":false},"excerpt":{"rendered":"<p>O jogo da segunda m\u00e3o referente \u00e0 eliminat\u00f3ria de apuramento para o CAN de Futsal 2026 j\u00e1 n\u00e3o vai acontecer, em virtude da n\u00e3o compar\u00eancia da Sele\u00e7\u00e3o Nacional dos Camar\u00f5es, que at\u00e9 ao momento n\u00e3o se encontra em territ\u00f3rio angolano, facto que levou ao cancelamento oficial da partida. Com a n\u00e3o realiza\u00e7\u00e3o do encontro, a [&hellip;]<\/p>\n","protected":false},"author":1,"featured_media":19400,"comment_status":"open","ping_status":"closed","sticky":false,"template":"","format":"standard","meta":{"footnotes":""},"categories":[19],"tags":[],"class_list":{"0":"post-19398","1":"post","2":"type-post","3":"status-publish","4":"format-standard","5":"has-post-thumbnail","7":"category-desporto"},"amp_enabled":true,"_links":{"self":[{"href":"https:\/\/tvbelas.com\/tvbelas\/wp-json\/wp\/v2\/posts\/19398","targetHints":{"allow":["GET"]}}],"collection":[{"href":"https:\/\/tvbelas.com\/tvbelas\/wp-json\/wp\/v2\/posts"}],"about":[{"href":"https:\/\/tvbelas.com\/tvbelas\/wp-json\/wp\/v2\/types\/post"}],"author":[{"embeddable":true,"href":"https:\/\/tvbelas.com\/tvbelas\/wp-json\/wp\/v2\/users\/1"}],"replies":[{"embeddable":true,"href":"https:\/\/tvbelas.com\/tvbelas\/wp-json\/wp\/v2\/comments?post=19398"}],"version-history":[{"count":1,"href":"https:\/\/tvbelas.com\/tvbelas\/wp-json\/wp\/v2\/posts\/19398\/revisions"}],"predecessor-version":[{"id":19401,"href":"https:\/\/tvbelas.com\/tvbelas\/wp-json\/wp\/v2\/posts\/19398\/revisions\/19401"}],"wp:featuredmedia":[{"embeddable":true,"href":"https:\/\/tvbelas.com\/tvbelas\/wp-json\/wp\/v2\/media\/19400"}],"wp:attachment":[{"href":"https:\/\/tvbelas.com\/tvbelas\/wp-json\/wp\/v2\/media?parent=19398"}],"wp:term":[{"taxonomy":"category","embeddable":true,"href":"https:\/\/tvbelas.com\/tvbelas\/wp-json\/wp\/v2\/categories?post=19398"},{"taxonomy":"post_tag","embeddable":true,"href":"https:\/\/tvbelas.com\/tvbelas\/wp-json\/wp\/v2\/tags?post=19398"}],"curies":[{"name":"wp","href":"https:\/\/api.w.org\/{rel}","templated":true}]}}