{"id":19413,"date":"2026-02-10T13:25:03","date_gmt":"2026-02-10T12:25:03","guid":{"rendered":"https:\/\/tvbelas.com\/tvbelas\/?p=19413"},"modified":"2026-02-10T13:25:05","modified_gmt":"2026-02-10T12:25:05","slug":"angola-acolhe-fase-final-da-taca-dos-clubes-campeoes-africanos-de-andebol","status":"publish","type":"post","link":"https:\/\/tvbelas.com\/tvbelas\/noticias\/desporto\/angola-acolhe-fase-final-da-taca-dos-clubes-campeoes-africanos-de-andebol\/","title":{"rendered":"ANGOLA ACOLHE FASE FINAL DA TA\u00c7A DOS CLUBES CAMPE\u00d5ES AFRICANOS DE ANDEBOL"},"content":{"rendered":"\n<p>Angola venceu a candidatura para acolher, de 6 a 13 de Outubro, a fase final da Ta\u00e7a dos Clubes Campe\u00f5es Africanos de Andebol, em ambos os g\u00e9neros, refor\u00e7ando a sua posi\u00e7\u00e3o de refer\u00eancia continental na modalidade.<\/p>\n\n\n\n<p>A prop\u00f3sito da escolha do pa\u00eds como anfitri\u00e3o da prova, o presidente da Federa\u00e7\u00e3o Angolana de Andebol (FAA), Jos\u00e9 do Amaral \u201cManinho\u201d, destacou a import\u00e2ncia estrat\u00e9gica de Angola albergar competi\u00e7\u00f5es deste n\u00edvel, sobretudo face \u00e0s limita\u00e7\u00f5es financeiras enfrentadas pelos clubes nacionais.<\/p>\n\n\n\n<p>\u201cAs nossas equipas t\u00eam dificuldades financeiras, o que muitas vezes impede a desloca\u00e7\u00e3o para disputar esta competi\u00e7\u00e3o. Ao realizarmos a prova no nosso pa\u00eds, conseguimos minimizar os custos. Vamos trabalhar para garantir uma organiza\u00e7\u00e3o de \u00eaxito\u201d, sublinhou o dirigente federativo.<\/p>\n\n\n\n<p>Importa recordar que Angola n\u00e3o conta com uma equipa masculina a disputar a Ta\u00e7a dos Clubes Campe\u00f5es Africanos h\u00e1 cinco anos. A \u00faltima participa\u00e7\u00e3o remonta a 2019, em Cabo Verde, quando o Interclube representou o pa\u00eds e conquistou a medalha de bronze.<\/p>\n\n\n\n<p>Em femininos, o Petro de Luanda, actual campe\u00e3o africano, ter\u00e1 a oportunidade de defender o t\u00edtulo em solo nacional, facto que aumenta as expectativas dos adeptos e valoriza ainda mais a realiza\u00e7\u00e3o da competi\u00e7\u00e3o em Angola<\/p>\n","protected":false},"excerpt":{"rendered":"<p>Angola venceu a candidatura para acolher, de 6 a 13 de Outubro, a fase final da Ta\u00e7a dos Clubes Campe\u00f5es Africanos de Andebol, em ambos os g\u00e9neros, refor\u00e7ando a sua posi\u00e7\u00e3o de refer\u00eancia continental na modalidade. A prop\u00f3sito da escolha do pa\u00eds como anfitri\u00e3o da prova, o presidente da Federa\u00e7\u00e3o Angolana de Andebol (FAA), Jos\u00e9 [&hellip;]<\/p>\n","protected":false},"author":1,"featured_media":19158,"comment_status":"open","ping_status":"closed","sticky":false,"template":"","format":"standard","meta":{"footnotes":""},"categories":[19],"tags":[],"class_list":{"0":"post-19413","1":"post","2":"type-post","3":"status-publish","4":"format-standard","5":"has-post-thumbnail","7":"category-desporto"},"amp_enabled":true,"_links":{"self":[{"href":"https:\/\/tvbelas.com\/tvbelas\/wp-json\/wp\/v2\/posts\/19413","targetHints":{"allow":["GET"]}}],"collection":[{"href":"https:\/\/tvbelas.com\/tvbelas\/wp-json\/wp\/v2\/posts"}],"about":[{"href":"https:\/\/tvbelas.com\/tvbelas\/wp-json\/wp\/v2\/types\/post"}],"author":[{"embeddable":true,"href":"https:\/\/tvbelas.com\/tvbelas\/wp-json\/wp\/v2\/users\/1"}],"replies":[{"embeddable":true,"href":"https:\/\/tvbelas.com\/tvbelas\/wp-json\/wp\/v2\/comments?post=19413"}],"version-history":[{"count":1,"href":"https:\/\/tvbelas.com\/tvbelas\/wp-json\/wp\/v2\/posts\/19413\/revisions"}],"predecessor-version":[{"id":19414,"href":"https:\/\/tvbelas.com\/tvbelas\/wp-json\/wp\/v2\/posts\/19413\/revisions\/19414"}],"wp:featuredmedia":[{"embeddable":true,"href":"https:\/\/tvbelas.com\/tvbelas\/wp-json\/wp\/v2\/media\/19158"}],"wp:attachment":[{"href":"https:\/\/tvbelas.com\/tvbelas\/wp-json\/wp\/v2\/media?parent=19413"}],"wp:term":[{"taxonomy":"category","embeddable":true,"href":"https:\/\/tvbelas.com\/tvbelas\/wp-json\/wp\/v2\/categories?post=19413"},{"taxonomy":"post_tag","embeddable":true,"href":"https:\/\/tvbelas.com\/tvbelas\/wp-json\/wp\/v2\/tags?post=19413"}],"curies":[{"name":"wp","href":"https:\/\/api.w.org\/{rel}","templated":true}]}}