{"id":19431,"date":"2026-02-11T16:35:56","date_gmt":"2026-02-11T15:35:56","guid":{"rendered":"https:\/\/tvbelas.com\/tvbelas\/?p=19431"},"modified":"2026-02-11T16:35:57","modified_gmt":"2026-02-11T15:35:57","slug":"1-o-de-agosto-continua-a-apostar-na-formacao-no-andebol","status":"publish","type":"post","link":"https:\/\/tvbelas.com\/tvbelas\/noticias\/desporto\/1-o-de-agosto-continua-a-apostar-na-formacao-no-andebol\/","title":{"rendered":"1.\u00ba DE AGOSTO CONTINUA A APOSTAR NA FORMA\u00c7\u00c3O NO ANDEBOL"},"content":{"rendered":"\n<p>A Academia de Andebol do 1.\u00ba de Agosto, sob coordena\u00e7\u00e3o do professor angolano Jos\u00e9 Ter\u00e7a Chuma, mant\u00e9m firme a sua aposta na forma\u00e7\u00e3o de novos talentos, refor\u00e7ando o compromisso do clube com o desenvolvimento da modalidade no pa\u00eds.<\/p>\n\n\n\n<p>Com uma estrutura s\u00f3lida e uma filosofia de forma\u00e7\u00e3o bem definida, o escal\u00e3o de juvenis (A) tem registado um crescimento assinal\u00e1vel, afirmando-se j\u00e1 como um dos mais fortes a n\u00edvel nacional. O trabalho cont\u00ednuo e organizado da equipa t\u00e9cnica tem permitido elevar o n\u00edvel competitivo dos jovens atletas, muitos dos quais despontam como promessas para o futuro do clube e da selec\u00e7\u00e3o nacional.<\/p>\n\n\n\n<p>Em entrevista exclusiva \u00e0 TV Belas, Jos\u00e9 Ter\u00e7a Chuma destacou que a forma\u00e7\u00e3o no seio do clube militar \u201ccontinua muito forte\u201d, sustentada por uma equipa t\u00e9cnica experiente e focada num treinamento de alta qualidade.<\/p>\n\n\n\n<p>O respons\u00e1vel sublinhou ainda que o escal\u00e3o de juvenis tem demonstrado um crescimento elevado, dominando as competi\u00e7\u00f5es em que participa e evidenciando maturidade competitiva acima da m\u00e9dia para a idade.<\/p>\n\n\n\n<p>Reconhecida como uma das academias mais respeitadas do pa\u00eds, a estrutura formativa do 1.\u00ba de Agosto tem contribu\u00eddo de forma significativa para os sucessos do clube nas diversas competi\u00e7\u00f5es. Com a actual gera\u00e7\u00e3o de jovens talentos, o futuro do andebol no clube militar apresenta-se promissor e alinhado com a tradi\u00e7\u00e3o vitoriosa da institui\u00e7\u00e3o.<\/p>\n\n\n\n<figure class=\"wp-block-image size-large\"><img loading=\"lazy\" decoding=\"async\" width=\"1024\" height=\"683\" src=\"https:\/\/tvbelas.com\/tvbelas\/wp-content\/uploads\/2026\/02\/DM_Jose_Chuma_Treinador-4-scaled-1-1024x683.webp\" alt=\"\" class=\"wp-image-19432\" srcset=\"https:\/\/tvbelas.com\/tvbelas\/wp-content\/uploads\/2026\/02\/DM_Jose_Chuma_Treinador-4-scaled-1-1024x683.webp 1024w, https:\/\/tvbelas.com\/tvbelas\/wp-content\/uploads\/2026\/02\/DM_Jose_Chuma_Treinador-4-scaled-1-300x200.webp 300w, https:\/\/tvbelas.com\/tvbelas\/wp-content\/uploads\/2026\/02\/DM_Jose_Chuma_Treinador-4-scaled-1-768x512.webp 768w, https:\/\/tvbelas.com\/tvbelas\/wp-content\/uploads\/2026\/02\/DM_Jose_Chuma_Treinador-4-scaled-1-1536x1024.webp 1536w, https:\/\/tvbelas.com\/tvbelas\/wp-content\/uploads\/2026\/02\/DM_Jose_Chuma_Treinador-4-scaled-1-2048x1366.webp 2048w, https:\/\/tvbelas.com\/tvbelas\/wp-content\/uploads\/2026\/02\/DM_Jose_Chuma_Treinador-4-scaled-1-150x100.webp 150w, https:\/\/tvbelas.com\/tvbelas\/wp-content\/uploads\/2026\/02\/DM_Jose_Chuma_Treinador-4-scaled-1-696x464.webp 696w, https:\/\/tvbelas.com\/tvbelas\/wp-content\/uploads\/2026\/02\/DM_Jose_Chuma_Treinador-4-scaled-1-1068x712.webp 1068w, https:\/\/tvbelas.com\/tvbelas\/wp-content\/uploads\/2026\/02\/DM_Jose_Chuma_Treinador-4-scaled-1-1920x1280.webp 1920w, https:\/\/tvbelas.com\/tvbelas\/wp-content\/uploads\/2026\/02\/DM_Jose_Chuma_Treinador-4-scaled-1-630x420.webp 630w\" sizes=\"auto, (max-width: 1024px) 100vw, 1024px\" \/><\/figure>\n","protected":false},"excerpt":{"rendered":"<p>A Academia de Andebol do 1.\u00ba de Agosto, sob coordena\u00e7\u00e3o do professor angolano Jos\u00e9 Ter\u00e7a Chuma, mant\u00e9m firme a sua aposta na forma\u00e7\u00e3o de novos talentos, refor\u00e7ando o compromisso do clube com o desenvolvimento da modalidade no pa\u00eds. Com uma estrutura s\u00f3lida e uma filosofia de forma\u00e7\u00e3o bem definida, o escal\u00e3o de juvenis (A) tem [&hellip;]<\/p>\n","protected":false},"author":1,"featured_media":19432,"comment_status":"open","ping_status":"closed","sticky":false,"template":"","format":"standard","meta":{"footnotes":""},"categories":[19],"tags":[],"class_list":{"0":"post-19431","1":"post","2":"type-post","3":"status-publish","4":"format-standard","5":"has-post-thumbnail","7":"category-desporto"},"amp_enabled":true,"_links":{"self":[{"href":"https:\/\/tvbelas.com\/tvbelas\/wp-json\/wp\/v2\/posts\/19431","targetHints":{"allow":["GET"]}}],"collection":[{"href":"https:\/\/tvbelas.com\/tvbelas\/wp-json\/wp\/v2\/posts"}],"about":[{"href":"https:\/\/tvbelas.com\/tvbelas\/wp-json\/wp\/v2\/types\/post"}],"author":[{"embeddable":true,"href":"https:\/\/tvbelas.com\/tvbelas\/wp-json\/wp\/v2\/users\/1"}],"replies":[{"embeddable":true,"href":"https:\/\/tvbelas.com\/tvbelas\/wp-json\/wp\/v2\/comments?post=19431"}],"version-history":[{"count":1,"href":"https:\/\/tvbelas.com\/tvbelas\/wp-json\/wp\/v2\/posts\/19431\/revisions"}],"predecessor-version":[{"id":19433,"href":"https:\/\/tvbelas.com\/tvbelas\/wp-json\/wp\/v2\/posts\/19431\/revisions\/19433"}],"wp:featuredmedia":[{"embeddable":true,"href":"https:\/\/tvbelas.com\/tvbelas\/wp-json\/wp\/v2\/media\/19432"}],"wp:attachment":[{"href":"https:\/\/tvbelas.com\/tvbelas\/wp-json\/wp\/v2\/media?parent=19431"}],"wp:term":[{"taxonomy":"category","embeddable":true,"href":"https:\/\/tvbelas.com\/tvbelas\/wp-json\/wp\/v2\/categories?post=19431"},{"taxonomy":"post_tag","embeddable":true,"href":"https:\/\/tvbelas.com\/tvbelas\/wp-json\/wp\/v2\/tags?post=19431"}],"curies":[{"name":"wp","href":"https:\/\/api.w.org\/{rel}","templated":true}]}}