{"id":19435,"date":"2026-02-11T17:39:46","date_gmt":"2026-02-11T16:39:46","guid":{"rendered":"https:\/\/tvbelas.com\/tvbelas\/?p=19435"},"modified":"2026-02-11T17:39:47","modified_gmt":"2026-02-11T16:39:47","slug":"bravos-do-maquis-despacha-desportivo-da-lunda-sul","status":"publish","type":"post","link":"https:\/\/tvbelas.com\/tvbelas\/noticias\/desporto\/bravos-do-maquis-despacha-desportivo-da-lunda-sul\/","title":{"rendered":"BRAVOS DO MAQUIS DESPACHA DESPORTIVO DA LUNDA SUL"},"content":{"rendered":"\n<p>O Bravos do Maquis do Moxico recebeu e venceu, na tarde desta ter\u00e7a-feira, 11 de fevereiro, o Desportivo da Lunda Sul, por 3-1, em jogo disputado no Est\u00e1dio Jonas Kufunda Mundunduleno, no Moxico.<\/p>\n\n\n\n<p>Os maquisardes sabiam da import\u00e2ncia de vencer a partida, numa tarde tamb\u00e9m marcada pela homenagem ao presidente da dire\u00e7\u00e3o do clube, falecido no passado dia 4 de fevereiro. A turma orientada por M\u00e1rio Soares entrou focada e determinada no ataque.<\/p>\n\n\n\n<p>Os golos da equipa da casa foram apontados por Lito, aos 8 e 80 minutos, enquanto Zua marcou aos 34. Pelo lado do Desportivo da Lunda Sul, o golo de honra foi rubricado por Nico, aos 77 minutos.<\/p>\n\n\n\n<p>Com este triunfo, o Bravos do Maquis ascende \u00e0 4.\u00aa posi\u00e7\u00e3o da tabela classificativa, com 23 pontos, ao passo que os lundas descem para o 5.\u00ba lugar.<\/p>\n\n\n\n<figure class=\"wp-block-image size-large\"><img loading=\"lazy\" decoding=\"async\" width=\"1024\" height=\"605\" src=\"https:\/\/tvbelas.com\/tvbelas\/wp-content\/uploads\/2026\/02\/IMG_9260-1-1024x605.jpg\" alt=\"\" class=\"wp-image-19436\" srcset=\"https:\/\/tvbelas.com\/tvbelas\/wp-content\/uploads\/2026\/02\/IMG_9260-1-1024x605.jpg 1024w, https:\/\/tvbelas.com\/tvbelas\/wp-content\/uploads\/2026\/02\/IMG_9260-1-300x177.jpg 300w, https:\/\/tvbelas.com\/tvbelas\/wp-content\/uploads\/2026\/02\/IMG_9260-1-768x454.jpg 768w, https:\/\/tvbelas.com\/tvbelas\/wp-content\/uploads\/2026\/02\/IMG_9260-1-1536x908.jpg 1536w, https:\/\/tvbelas.com\/tvbelas\/wp-content\/uploads\/2026\/02\/IMG_9260-1-150x89.jpg 150w, https:\/\/tvbelas.com\/tvbelas\/wp-content\/uploads\/2026\/02\/IMG_9260-1-696x411.jpg 696w, https:\/\/tvbelas.com\/tvbelas\/wp-content\/uploads\/2026\/02\/IMG_9260-1-1068x631.jpg 1068w, https:\/\/tvbelas.com\/tvbelas\/wp-content\/uploads\/2026\/02\/IMG_9260-1-1920x1134.jpg 1920w, https:\/\/tvbelas.com\/tvbelas\/wp-content\/uploads\/2026\/02\/IMG_9260-1-711x420.jpg 711w, https:\/\/tvbelas.com\/tvbelas\/wp-content\/uploads\/2026\/02\/IMG_9260-1.jpg 2048w\" sizes=\"auto, (max-width: 1024px) 100vw, 1024px\" \/><\/figure>\n","protected":false},"excerpt":{"rendered":"<p>O Bravos do Maquis do Moxico recebeu e venceu, na tarde desta ter\u00e7a-feira, 11 de fevereiro, o Desportivo da Lunda Sul, por 3-1, em jogo disputado no Est\u00e1dio Jonas Kufunda Mundunduleno, no Moxico. Os maquisardes sabiam da import\u00e2ncia de vencer a partida, numa tarde tamb\u00e9m marcada pela homenagem ao presidente da dire\u00e7\u00e3o do clube, falecido [&hellip;]<\/p>\n","protected":false},"author":1,"featured_media":19436,"comment_status":"open","ping_status":"closed","sticky":false,"template":"","format":"standard","meta":{"footnotes":""},"categories":[19],"tags":[],"class_list":{"0":"post-19435","1":"post","2":"type-post","3":"status-publish","4":"format-standard","5":"has-post-thumbnail","7":"category-desporto"},"amp_enabled":true,"_links":{"self":[{"href":"https:\/\/tvbelas.com\/tvbelas\/wp-json\/wp\/v2\/posts\/19435","targetHints":{"allow":["GET"]}}],"collection":[{"href":"https:\/\/tvbelas.com\/tvbelas\/wp-json\/wp\/v2\/posts"}],"about":[{"href":"https:\/\/tvbelas.com\/tvbelas\/wp-json\/wp\/v2\/types\/post"}],"author":[{"embeddable":true,"href":"https:\/\/tvbelas.com\/tvbelas\/wp-json\/wp\/v2\/users\/1"}],"replies":[{"embeddable":true,"href":"https:\/\/tvbelas.com\/tvbelas\/wp-json\/wp\/v2\/comments?post=19435"}],"version-history":[{"count":1,"href":"https:\/\/tvbelas.com\/tvbelas\/wp-json\/wp\/v2\/posts\/19435\/revisions"}],"predecessor-version":[{"id":19437,"href":"https:\/\/tvbelas.com\/tvbelas\/wp-json\/wp\/v2\/posts\/19435\/revisions\/19437"}],"wp:featuredmedia":[{"embeddable":true,"href":"https:\/\/tvbelas.com\/tvbelas\/wp-json\/wp\/v2\/media\/19436"}],"wp:attachment":[{"href":"https:\/\/tvbelas.com\/tvbelas\/wp-json\/wp\/v2\/media?parent=19435"}],"wp:term":[{"taxonomy":"category","embeddable":true,"href":"https:\/\/tvbelas.com\/tvbelas\/wp-json\/wp\/v2\/categories?post=19435"},{"taxonomy":"post_tag","embeddable":true,"href":"https:\/\/tvbelas.com\/tvbelas\/wp-json\/wp\/v2\/tags?post=19435"}],"curies":[{"name":"wp","href":"https:\/\/api.w.org\/{rel}","templated":true}]}}