{"id":19438,"date":"2026-02-11T17:58:39","date_gmt":"2026-02-11T16:58:39","guid":{"rendered":"https:\/\/tvbelas.com\/tvbelas\/?p=19438"},"modified":"2026-02-11T17:58:40","modified_gmt":"2026-02-11T16:58:40","slug":"ministerio-da-juventude-e-desportos-celebra-37-anos-com-apelo-ao-reforco-de-oportunidades-para-jovens-e-atletas","status":"publish","type":"post","link":"https:\/\/tvbelas.com\/tvbelas\/noticias\/desporto\/ministerio-da-juventude-e-desportos-celebra-37-anos-com-apelo-ao-reforco-de-oportunidades-para-jovens-e-atletas\/","title":{"rendered":"MINIST\u00c9RIO DA JUVENTUDE E DESPORTOS CELEBRA 37 ANOS COM APELO AO REFOR\u00c7O DE OPORTUNIDADES PARA JOVENS E ATLETAS"},"content":{"rendered":"\n<p>O Minist\u00e9rio da Juventude e Desportos (MINJUD) assinalou, esta ter\u00e7a-feira, 37 anos de exist\u00eancia, com uma mensagem de reafirma\u00e7\u00e3o do compromisso do Executivo com a juventude e o desenvolvimento do desporto nacional.<\/p>\n\n\n\n<p>Na sua declara\u00e7\u00e3o alusiva \u00e0 data, o ministro Rui Lu\u00eds Falc\u00e3o Pinto de Andrade sublinhou que a efem\u00e9ride representa mais do que um marco institucional, simbolizando \u201cuma miss\u00e3o nacional\u201d centrada na valoriza\u00e7\u00e3o da juventude como for\u00e7a estrat\u00e9gica do presente e do futuro de Angola.<\/p>\n\n\n\n<p>Segundo o governante, a juventude angolana constitui \u201cenergia produtiva, talento e coragem\u201d, desempenhando um papel determinante na defini\u00e7\u00e3o dos rumos do Pa\u00eds. J\u00e1 o desporto, destacou, deve ser entendido n\u00e3o apenas como competi\u00e7\u00e3o, mas como instrumento de disciplina, sa\u00fade, inclus\u00e3o social e afirma\u00e7\u00e3o da identidade nacional.<\/p>\n\n\n\n<p>Ao longo dos seus 37 anos de percurso, o Minist\u00e9rio \u2014 recordou \u2014 enfrentou desafios e passou por diferentes fases, mantendo, contudo, o prop\u00f3sito de promover a inclus\u00e3o, o desenvolvimento humano e a projec\u00e7\u00e3o da juventude e do desporto como pilares estruturantes da constru\u00e7\u00e3o de Angola.<\/p>\n\n\n\n<p>Na ocasi\u00e3o, o ministro prestou homenagem a antigos dirigentes, t\u00e9cnicos, colaboradores, parceiros institucionais, associa\u00e7\u00f5es juvenis, federa\u00e7\u00f5es, clubes, atletas e comunidades, reconhecendo o contributo colectivo para a consolida\u00e7\u00e3o da institui\u00e7\u00e3o em todo o territ\u00f3rio nacional.<\/p>\n\n\n\n<p>Virado para o futuro, Rui Falc\u00e3o Pinto de Andrade reafirmou a inten\u00e7\u00e3o de tornar o Minist\u00e9rio uma institui\u00e7\u00e3o \u201cmoderna, eficiente e orientada para resultados concretos\u201d, traduzidos em mais programas de forma\u00e7\u00e3o, oportunidades para os jovens, apoio aos atletas e maior presen\u00e7a nas prov\u00edncias e munic\u00edpios.<\/p>\n\n\n\n<p>O respons\u00e1vel defendeu que a juventude necessita de oportunidades reais, com acesso \u00e0 forma\u00e7\u00e3o, inclus\u00e3o produtiva, empreendedorismo e pol\u00edticas p\u00fablicas eficazes. Do mesmo modo, salientou que o desporto nacional exige maior organiza\u00e7\u00e3o, investimento em infra-estruturas, forma\u00e7\u00e3o t\u00e9cnica e valoriza\u00e7\u00e3o do talento, desde as comunidades at\u00e9 \u00e0s selec\u00e7\u00f5es nacionais.<\/p>\n\n\n\n<p>Sob o lema \u201cCom a juventude e pelo desporto\u201d, o ministro reiterou que a actua\u00e7\u00e3o do pelouro deve ser guiada por responsabilidade e compromisso nacional, e n\u00e3o apenas por inten\u00e7\u00f5es ou discursos.<\/p>\n\n\n\n<p>Dirigindo-se aos jovens, afirmou que \u201co tempo \u00e9 agora\u201d, refor\u00e7ando que a grandeza de Angola depende da prepara\u00e7\u00e3o da sua juventude para liderar e construir o futuro. Aos atletas, deixou uma mensagem de reconhecimento, sublinhando que representam a supera\u00e7\u00e3o, o m\u00e9rito e o esp\u00edrito de vit\u00f3ria do Pa\u00eds.<\/p>\n\n\n\n<p>O governante destacou ainda o papel dos trabalhadores do Minist\u00e9rio, considerando que o esfor\u00e7o di\u00e1rio dos quadros constitui a base do legado institucional.<\/p>\n\n\n\n<p>As celebra\u00e7\u00f5es dos 37 anos do Minist\u00e9rio da Juventude e Desportos ficaram marcadas por uma mensagem de renova\u00e7\u00e3o de energia e compromisso com pol\u00edticas mais pr\u00f3ximas das comunidades, visando fortalecer o papel da juventude e do desporto no desenvolvimento nacional.<\/p>\n\n\n\n<figure class=\"wp-block-image size-full\"><img loading=\"lazy\" decoding=\"async\" width=\"1000\" height=\"850\" src=\"https:\/\/tvbelas.com\/tvbelas\/wp-content\/uploads\/2026\/02\/large_ministro_5547e11aa1.jpg\" alt=\"\" class=\"wp-image-19439\" srcset=\"https:\/\/tvbelas.com\/tvbelas\/wp-content\/uploads\/2026\/02\/large_ministro_5547e11aa1.jpg 1000w, https:\/\/tvbelas.com\/tvbelas\/wp-content\/uploads\/2026\/02\/large_ministro_5547e11aa1-300x255.jpg 300w, https:\/\/tvbelas.com\/tvbelas\/wp-content\/uploads\/2026\/02\/large_ministro_5547e11aa1-768x653.jpg 768w, https:\/\/tvbelas.com\/tvbelas\/wp-content\/uploads\/2026\/02\/large_ministro_5547e11aa1-150x128.jpg 150w, https:\/\/tvbelas.com\/tvbelas\/wp-content\/uploads\/2026\/02\/large_ministro_5547e11aa1-696x592.jpg 696w, https:\/\/tvbelas.com\/tvbelas\/wp-content\/uploads\/2026\/02\/large_ministro_5547e11aa1-494x420.jpg 494w\" sizes=\"auto, (max-width: 1000px) 100vw, 1000px\" \/><\/figure>\n","protected":false},"excerpt":{"rendered":"<p>O Minist\u00e9rio da Juventude e Desportos (MINJUD) assinalou, esta ter\u00e7a-feira, 37 anos de exist\u00eancia, com uma mensagem de reafirma\u00e7\u00e3o do compromisso do Executivo com a juventude e o desenvolvimento do desporto nacional. Na sua declara\u00e7\u00e3o alusiva \u00e0 data, o ministro Rui Lu\u00eds Falc\u00e3o Pinto de Andrade sublinhou que a efem\u00e9ride representa mais do que um [&hellip;]<\/p>\n","protected":false},"author":1,"featured_media":19439,"comment_status":"open","ping_status":"closed","sticky":false,"template":"","format":"standard","meta":{"footnotes":""},"categories":[19],"tags":[],"class_list":{"0":"post-19438","1":"post","2":"type-post","3":"status-publish","4":"format-standard","5":"has-post-thumbnail","7":"category-desporto"},"amp_enabled":true,"_links":{"self":[{"href":"https:\/\/tvbelas.com\/tvbelas\/wp-json\/wp\/v2\/posts\/19438","targetHints":{"allow":["GET"]}}],"collection":[{"href":"https:\/\/tvbelas.com\/tvbelas\/wp-json\/wp\/v2\/posts"}],"about":[{"href":"https:\/\/tvbelas.com\/tvbelas\/wp-json\/wp\/v2\/types\/post"}],"author":[{"embeddable":true,"href":"https:\/\/tvbelas.com\/tvbelas\/wp-json\/wp\/v2\/users\/1"}],"replies":[{"embeddable":true,"href":"https:\/\/tvbelas.com\/tvbelas\/wp-json\/wp\/v2\/comments?post=19438"}],"version-history":[{"count":1,"href":"https:\/\/tvbelas.com\/tvbelas\/wp-json\/wp\/v2\/posts\/19438\/revisions"}],"predecessor-version":[{"id":19440,"href":"https:\/\/tvbelas.com\/tvbelas\/wp-json\/wp\/v2\/posts\/19438\/revisions\/19440"}],"wp:featuredmedia":[{"embeddable":true,"href":"https:\/\/tvbelas.com\/tvbelas\/wp-json\/wp\/v2\/media\/19439"}],"wp:attachment":[{"href":"https:\/\/tvbelas.com\/tvbelas\/wp-json\/wp\/v2\/media?parent=19438"}],"wp:term":[{"taxonomy":"category","embeddable":true,"href":"https:\/\/tvbelas.com\/tvbelas\/wp-json\/wp\/v2\/categories?post=19438"},{"taxonomy":"post_tag","embeddable":true,"href":"https:\/\/tvbelas.com\/tvbelas\/wp-json\/wp\/v2\/tags?post=19438"}],"curies":[{"name":"wp","href":"https:\/\/api.w.org\/{rel}","templated":true}]}}