{"id":19441,"date":"2026-02-11T18:15:55","date_gmt":"2026-02-11T17:15:55","guid":{"rendered":"https:\/\/tvbelas.com\/tvbelas\/?p=19441"},"modified":"2026-02-11T18:15:56","modified_gmt":"2026-02-11T17:15:56","slug":"endiama-e-bpc-abrem-5-a-jornada-do-torneio-a-mundial-seguros-20-anos","status":"publish","type":"post","link":"https:\/\/tvbelas.com\/tvbelas\/noticias\/desporto\/endiama-e-bpc-abrem-5-a-jornada-do-torneio-a-mundial-seguros-20-anos\/","title":{"rendered":"ENDIAMA E BPC ABREM 5.\u00aa JORNADA DO TORNEIO A MUNDIAL SEGUROS 20 ANOS\u00a0"},"content":{"rendered":"\n<p>As equipas da Endiama e do BPC protagonizam, nesta quinta-feira, a abertura da 5.\u00aa jornada do Torneio A Mundial Seguros, competi\u00e7\u00e3o organizada em alus\u00e3o ao 20.\u00ba anivers\u00e1rio da seguradora.<\/p>\n\n\n\n<p>O encontro est\u00e1 agendado para o dia 12 de fevereiro, no Pavilh\u00e3o Gimnodesportivo do ASA, com in\u00edcio marcado para as 20h00, prevendo-se um duelo equilibrado entre duas forma\u00e7\u00f5es que procuram afirmar-se na prova comemorativa.<\/p>\n\n\n\n<p>O torneio conta com transmiss\u00e3o exclusiva da TV Belas, a maior emissora digital de televis\u00e3o em Angola, que acompanha de perto todos os momentos da competi\u00e7\u00e3o.<\/p>\n\n\n\n<figure class=\"wp-block-image size-large\"><img loading=\"lazy\" decoding=\"async\" width=\"768\" height=\"1024\" src=\"https:\/\/tvbelas.com\/tvbelas\/wp-content\/uploads\/2026\/02\/5_Jornada-768x1024.png\" alt=\"\" class=\"wp-image-19442\" srcset=\"https:\/\/tvbelas.com\/tvbelas\/wp-content\/uploads\/2026\/02\/5_Jornada-768x1024.png 768w, https:\/\/tvbelas.com\/tvbelas\/wp-content\/uploads\/2026\/02\/5_Jornada-225x300.png 225w, https:\/\/tvbelas.com\/tvbelas\/wp-content\/uploads\/2026\/02\/5_Jornada-150x200.png 150w, https:\/\/tvbelas.com\/tvbelas\/wp-content\/uploads\/2026\/02\/5_Jornada-300x400.png 300w, https:\/\/tvbelas.com\/tvbelas\/wp-content\/uploads\/2026\/02\/5_Jornada-696x928.png 696w, https:\/\/tvbelas.com\/tvbelas\/wp-content\/uploads\/2026\/02\/5_Jornada-1068x1424.png 1068w, https:\/\/tvbelas.com\/tvbelas\/wp-content\/uploads\/2026\/02\/5_Jornada-315x420.png 315w, https:\/\/tvbelas.com\/tvbelas\/wp-content\/uploads\/2026\/02\/5_Jornada.png 1080w\" sizes=\"auto, (max-width: 768px) 100vw, 768px\" \/><\/figure>\n","protected":false},"excerpt":{"rendered":"<p>As equipas da Endiama e do BPC protagonizam, nesta quinta-feira, a abertura da 5.\u00aa jornada do Torneio A Mundial Seguros, competi\u00e7\u00e3o organizada em alus\u00e3o ao 20.\u00ba anivers\u00e1rio da seguradora. O encontro est\u00e1 agendado para o dia 12 de fevereiro, no Pavilh\u00e3o Gimnodesportivo do ASA, com in\u00edcio marcado para as 20h00, prevendo-se um duelo equilibrado entre [&hellip;]<\/p>\n","protected":false},"author":1,"featured_media":19442,"comment_status":"open","ping_status":"closed","sticky":false,"template":"","format":"standard","meta":{"footnotes":""},"categories":[19],"tags":[],"class_list":{"0":"post-19441","1":"post","2":"type-post","3":"status-publish","4":"format-standard","5":"has-post-thumbnail","7":"category-desporto"},"amp_enabled":true,"_links":{"self":[{"href":"https:\/\/tvbelas.com\/tvbelas\/wp-json\/wp\/v2\/posts\/19441","targetHints":{"allow":["GET"]}}],"collection":[{"href":"https:\/\/tvbelas.com\/tvbelas\/wp-json\/wp\/v2\/posts"}],"about":[{"href":"https:\/\/tvbelas.com\/tvbelas\/wp-json\/wp\/v2\/types\/post"}],"author":[{"embeddable":true,"href":"https:\/\/tvbelas.com\/tvbelas\/wp-json\/wp\/v2\/users\/1"}],"replies":[{"embeddable":true,"href":"https:\/\/tvbelas.com\/tvbelas\/wp-json\/wp\/v2\/comments?post=19441"}],"version-history":[{"count":1,"href":"https:\/\/tvbelas.com\/tvbelas\/wp-json\/wp\/v2\/posts\/19441\/revisions"}],"predecessor-version":[{"id":19443,"href":"https:\/\/tvbelas.com\/tvbelas\/wp-json\/wp\/v2\/posts\/19441\/revisions\/19443"}],"wp:featuredmedia":[{"embeddable":true,"href":"https:\/\/tvbelas.com\/tvbelas\/wp-json\/wp\/v2\/media\/19442"}],"wp:attachment":[{"href":"https:\/\/tvbelas.com\/tvbelas\/wp-json\/wp\/v2\/media?parent=19441"}],"wp:term":[{"taxonomy":"category","embeddable":true,"href":"https:\/\/tvbelas.com\/tvbelas\/wp-json\/wp\/v2\/categories?post=19441"},{"taxonomy":"post_tag","embeddable":true,"href":"https:\/\/tvbelas.com\/tvbelas\/wp-json\/wp\/v2\/tags?post=19441"}],"curies":[{"name":"wp","href":"https:\/\/api.w.org\/{rel}","templated":true}]}}