{"id":19627,"date":"2026-03-12T18:41:12","date_gmt":"2026-03-12T17:41:12","guid":{"rendered":"https:\/\/tvbelas.com\/tvbelas\/?p=19627"},"modified":"2026-03-12T18:41:14","modified_gmt":"2026-03-12T17:41:14","slug":"presidente-do-mpla-anuncia-que-15-dos-futuros-membros-do-comite-central-vao-sair-das-bases-do-partido","status":"publish","type":"post","link":"https:\/\/tvbelas.com\/tvbelas\/noticias\/politica-angola\/presidente-do-mpla-anuncia-que-15-dos-futuros-membros-do-comite-central-vao-sair-das-bases-do-partido\/","title":{"rendered":"PRESIDENTE DO MPLA ANUNCIA QUE 15% DOS FUTUROS MEMBROS DO COMIT\u00c9 CENTRAL V\u00c3O SAIR DAS BASES DO PARTIDO"},"content":{"rendered":"\n<p>O Presidente Jo\u00e3o Louren\u00e7o e l\u00edder do Movimento Popular de Liberta\u00e7\u00e3o de Angola (MPLA) anunciou, esta quinta-feira, que 15% dos futuros membros do Comit\u00e9 Central do partido ser\u00e3o provenientes das bases da organiza\u00e7\u00e3o pol\u00edtica.<\/p>\n\n\n\n<p>A confirma\u00e7\u00e3o foi feita durante a reuni\u00e3o do Comit\u00e9 Central realizada no Futungo de Belas, em Luanda, onde o l\u00edder dos camaradas destacou a import\u00e2ncia de refor\u00e7ar a representatividade interna e aproximar a dire\u00e7\u00e3o do partido \u00e0s estruturas de base.<\/p>\n\n\n\n<p>De acordo com Jo\u00e3o Louren\u00e7o, a medida visa valorizar os militantes que actuam directamente nas comunidades, permitindo uma maior participa\u00e7\u00e3o das bases nas decis\u00f5es estrat\u00e9gicas do partido.<\/p>\n\n\n\n<figure class=\"wp-block-image size-large\"><img loading=\"lazy\" decoding=\"async\" width=\"1024\" height=\"665\" src=\"https:\/\/tvbelas.com\/tvbelas\/wp-content\/uploads\/2026\/03\/645396135_1448722726622652_5296814446691253267_n-1024x665.jpg\" alt=\"\" class=\"wp-image-19628\" srcset=\"https:\/\/tvbelas.com\/tvbelas\/wp-content\/uploads\/2026\/03\/645396135_1448722726622652_5296814446691253267_n-1024x665.jpg 1024w, https:\/\/tvbelas.com\/tvbelas\/wp-content\/uploads\/2026\/03\/645396135_1448722726622652_5296814446691253267_n-300x195.jpg 300w, https:\/\/tvbelas.com\/tvbelas\/wp-content\/uploads\/2026\/03\/645396135_1448722726622652_5296814446691253267_n-768x499.jpg 768w, https:\/\/tvbelas.com\/tvbelas\/wp-content\/uploads\/2026\/03\/645396135_1448722726622652_5296814446691253267_n-1536x997.jpg 1536w, https:\/\/tvbelas.com\/tvbelas\/wp-content\/uploads\/2026\/03\/645396135_1448722726622652_5296814446691253267_n-150x97.jpg 150w, https:\/\/tvbelas.com\/tvbelas\/wp-content\/uploads\/2026\/03\/645396135_1448722726622652_5296814446691253267_n-696x452.jpg 696w, https:\/\/tvbelas.com\/tvbelas\/wp-content\/uploads\/2026\/03\/645396135_1448722726622652_5296814446691253267_n-1068x693.jpg 1068w, https:\/\/tvbelas.com\/tvbelas\/wp-content\/uploads\/2026\/03\/645396135_1448722726622652_5296814446691253267_n-647x420.jpg 647w, https:\/\/tvbelas.com\/tvbelas\/wp-content\/uploads\/2026\/03\/645396135_1448722726622652_5296814446691253267_n.jpg 1548w\" sizes=\"auto, (max-width: 1024px) 100vw, 1024px\" \/><\/figure>\n","protected":false},"excerpt":{"rendered":"<p>O Presidente Jo\u00e3o Louren\u00e7o e l\u00edder do Movimento Popular de Liberta\u00e7\u00e3o de Angola (MPLA) anunciou, esta quinta-feira, que 15% dos futuros membros do Comit\u00e9 Central do partido ser\u00e3o provenientes das bases da organiza\u00e7\u00e3o pol\u00edtica. A confirma\u00e7\u00e3o foi feita durante a reuni\u00e3o do Comit\u00e9 Central realizada no Futungo de Belas, em Luanda, onde o l\u00edder dos [&hellip;]<\/p>\n","protected":false},"author":1,"featured_media":19628,"comment_status":"open","ping_status":"closed","sticky":false,"template":"","format":"standard","meta":{"footnotes":""},"categories":[12],"tags":[],"class_list":{"0":"post-19627","1":"post","2":"type-post","3":"status-publish","4":"format-standard","5":"has-post-thumbnail","7":"category-politica-angola"},"amp_enabled":true,"_links":{"self":[{"href":"https:\/\/tvbelas.com\/tvbelas\/wp-json\/wp\/v2\/posts\/19627","targetHints":{"allow":["GET"]}}],"collection":[{"href":"https:\/\/tvbelas.com\/tvbelas\/wp-json\/wp\/v2\/posts"}],"about":[{"href":"https:\/\/tvbelas.com\/tvbelas\/wp-json\/wp\/v2\/types\/post"}],"author":[{"embeddable":true,"href":"https:\/\/tvbelas.com\/tvbelas\/wp-json\/wp\/v2\/users\/1"}],"replies":[{"embeddable":true,"href":"https:\/\/tvbelas.com\/tvbelas\/wp-json\/wp\/v2\/comments?post=19627"}],"version-history":[{"count":1,"href":"https:\/\/tvbelas.com\/tvbelas\/wp-json\/wp\/v2\/posts\/19627\/revisions"}],"predecessor-version":[{"id":19629,"href":"https:\/\/tvbelas.com\/tvbelas\/wp-json\/wp\/v2\/posts\/19627\/revisions\/19629"}],"wp:featuredmedia":[{"embeddable":true,"href":"https:\/\/tvbelas.com\/tvbelas\/wp-json\/wp\/v2\/media\/19628"}],"wp:attachment":[{"href":"https:\/\/tvbelas.com\/tvbelas\/wp-json\/wp\/v2\/media?parent=19627"}],"wp:term":[{"taxonomy":"category","embeddable":true,"href":"https:\/\/tvbelas.com\/tvbelas\/wp-json\/wp\/v2\/categories?post=19627"},{"taxonomy":"post_tag","embeddable":true,"href":"https:\/\/tvbelas.com\/tvbelas\/wp-json\/wp\/v2\/tags?post=19627"}],"curies":[{"name":"wp","href":"https:\/\/api.w.org\/{rel}","templated":true}]}}