{"id":19673,"date":"2026-03-22T12:00:05","date_gmt":"2026-03-22T11:00:05","guid":{"rendered":"https:\/\/tvbelas.com\/tvbelas\/?p=19673"},"modified":"2026-03-22T12:00:13","modified_gmt":"2026-03-22T11:00:13","slug":"posicoes-extremadas-levam-a-nao-realizacao-do-classico-91-do-campeonato-nacional-de-futebol-girabola","status":"publish","type":"post","link":"https:\/\/tvbelas.com\/tvbelas\/noticias\/desporto\/posicoes-extremadas-levam-a-nao-realizacao-do-classico-91-do-campeonato-nacional-de-futebol-girabola\/","title":{"rendered":"POSI\u00c7\u00d5ES EXTREMADAS LEVAM A N\u00c3O REALIZA\u00c7\u00c3O DO CL\u00c1SSICO 91 DO CAMPEONATO NACIONAL DE FUTEBOL GIRABOLA"},"content":{"rendered":"\n<p>Tal como a TV Belas publicou neste s\u00e1bado, o Cl\u00e1ssico, 1\u00b0 de Agosto &#8211; Petro de Luanda estava em risco de ser disputado.<\/p>\n\n\n\n<p>Depois do 1\u00b0 de Agosto ter feito um Comunicado de Imprensa em que declarou ter interposto uma Provid\u00eancia Cautelar ao Tribunal Provincial de Luanda pelo facto de, segundo o clube militar, lhe estar a ser retirado o direito de jogar em sua casa na qualidade de anfitri\u00e3o da partida da 19a jornada.<\/p>\n\n\n\n<p>Apesar de n\u00e3o ter sido publicado um documento com o Deferimento ou n\u00e3o do Tribunal, circulou uma informa\u00e7\u00e3o oficiosa, segundo a qual o \u00f3rg\u00e3o a quem o 1\u00b0 de Agosto recorreu, deferiu e dirigiu um documento \u00e0 FAF, anulando a marca\u00e7\u00e3o para o Est\u00e1dio 11 de Novembro.<\/p>\n\n\n\n<p>Na sequ\u00eancia, a Federa\u00e7\u00e3o angolana de Futebol declarou em Comunicado n\u00e3o ter recebido qual notifica\u00e7\u00e3o da entidade Judicial, pelo que o jogo continua marcado para o est\u00e1dio 11 de Novembro, a partir das 16 horas no est\u00e1dio 11 de Novembro.<\/p>\n\n\n\n<p>A seguir o 1\u00b0 de Agosto noutro comunicado informou que n\u00e3o haver\u00e1 jogo no est\u00e1dio 11 de Novembro.<\/p>\n\n\n\n<p>Pelo que a TV Belas apurou, a equipa principal do futebol do 1\u00b0 de Agosto e toda m\u00e1quina organizativa estar\u00e1 no est\u00e1dio Fran\u00e7a N&#8217;dalu.<\/p>\n\n\n\n<p>Voc\u00ea acha certa a posi\u00e7\u00e3o da FAF ou a reafirma\u00e7\u00e3o do 1\u00b0 de Agosto.<\/p>\n\n\n\n<p>TV Belas, Juntos Criamos a Nossa Hist\u00f3ria<\/p>\n","protected":false},"excerpt":{"rendered":"<p>Tal como a TV Belas publicou neste s\u00e1bado, o Cl\u00e1ssico, 1\u00b0 de Agosto &#8211; Petro de Luanda estava em risco de ser disputado. Depois do 1\u00b0 de Agosto ter feito um Comunicado de Imprensa em que declarou ter interposto uma Provid\u00eancia Cautelar ao Tribunal Provincial de Luanda pelo facto de, segundo o clube militar, lhe [&hellip;]<\/p>\n","protected":false},"author":1,"featured_media":19674,"comment_status":"open","ping_status":"closed","sticky":false,"template":"","format":"standard","meta":{"footnotes":""},"categories":[19],"tags":[],"class_list":{"0":"post-19673","1":"post","2":"type-post","3":"status-publish","4":"format-standard","5":"has-post-thumbnail","7":"category-desporto"},"amp_enabled":true,"_links":{"self":[{"href":"https:\/\/tvbelas.com\/tvbelas\/wp-json\/wp\/v2\/posts\/19673","targetHints":{"allow":["GET"]}}],"collection":[{"href":"https:\/\/tvbelas.com\/tvbelas\/wp-json\/wp\/v2\/posts"}],"about":[{"href":"https:\/\/tvbelas.com\/tvbelas\/wp-json\/wp\/v2\/types\/post"}],"author":[{"embeddable":true,"href":"https:\/\/tvbelas.com\/tvbelas\/wp-json\/wp\/v2\/users\/1"}],"replies":[{"embeddable":true,"href":"https:\/\/tvbelas.com\/tvbelas\/wp-json\/wp\/v2\/comments?post=19673"}],"version-history":[{"count":1,"href":"https:\/\/tvbelas.com\/tvbelas\/wp-json\/wp\/v2\/posts\/19673\/revisions"}],"predecessor-version":[{"id":19675,"href":"https:\/\/tvbelas.com\/tvbelas\/wp-json\/wp\/v2\/posts\/19673\/revisions\/19675"}],"wp:featuredmedia":[{"embeddable":true,"href":"https:\/\/tvbelas.com\/tvbelas\/wp-json\/wp\/v2\/media\/19674"}],"wp:attachment":[{"href":"https:\/\/tvbelas.com\/tvbelas\/wp-json\/wp\/v2\/media?parent=19673"}],"wp:term":[{"taxonomy":"category","embeddable":true,"href":"https:\/\/tvbelas.com\/tvbelas\/wp-json\/wp\/v2\/categories?post=19673"},{"taxonomy":"post_tag","embeddable":true,"href":"https:\/\/tvbelas.com\/tvbelas\/wp-json\/wp\/v2\/tags?post=19673"}],"curies":[{"name":"wp","href":"https:\/\/api.w.org\/{rel}","templated":true}]}}