{"id":19873,"date":"2026-04-21T16:56:36","date_gmt":"2026-04-21T15:56:36","guid":{"rendered":"https:\/\/tvbelas.com\/tvbelas\/?p=19873"},"modified":"2026-04-21T16:56:44","modified_gmt":"2026-04-21T15:56:44","slug":"federacao-angolana-de-futebol-nega-jogocontra-a-ucrania-e-prepara-amigaveis-para-junho","status":"publish","type":"post","link":"https:\/\/tvbelas.com\/tvbelas\/noticias\/desporto\/federacao-angolana-de-futebol-nega-jogocontra-a-ucrania-e-prepara-amigaveis-para-junho\/","title":{"rendered":"FEDERA\u00c7\u00c3O ANGOLANA DE FUTEBOL NEGA JOGOCONTRA A UCR\u00c2NIA E PREPARA AMIG\u00c1VEIS PARA JUNHO"},"content":{"rendered":"\n<p>Uma fonte interna da Federa\u00e7\u00e3o Angolana de Futebol (FAF) revelou que a Sele\u00e7\u00e3o Nacional n\u00e3o tem qualquer jogo agendado contra a Ucr\u00e2nia, contrariando informa\u00e7\u00f5es que circulam nas \u00faltimas horas.<\/p>\n\n\n\n<p>Segundo a mesma fonte, ligada \u00e0 estrutura de comando da FAF, \u201cn\u00e3o existe qualquer conversa e muito menos inten\u00e7\u00e3o de realizar um jogo com a Ucr\u00e2nia\u201d, refor\u00e7ando ainda que, caso houvesse qualquer evolu\u00e7\u00e3o nesse sentido, a pr\u00f3pria federa\u00e7\u00e3o seria a primeira a tornar a informa\u00e7\u00e3o p\u00fablica.<\/p>\n\n\n\n<p>De acordo com a mesma fonte, os Palancas Negras dever\u00e3o entrar em campo no m\u00eas de junho, mas diante de advers\u00e1rios ainda por confirmar. Neste momento, a vice-presid\u00eancia para as sele\u00e7\u00f5es, sob lideran\u00e7a de Carlos Alonso Cali, em coordena\u00e7\u00e3o com a equipa t\u00e9cnica orientada por Aliou Ciss\u00e9, mant\u00e9m contactos com v\u00e1rias federa\u00e7\u00f5es para a realiza\u00e7\u00e3o de jogos amig\u00e1veis.<\/p>\n\n\n\n<p>A previs\u00e3o aponta para a realiza\u00e7\u00e3o de dois a tr\u00eas encontros amig\u00e1veis, inseridos nas datas FIFA, com vista \u00e0 melhor prepara\u00e7\u00e3o da equipa nacional para os pr\u00f3ximos compromissos internacionais.<\/p>\n\n\n\n<p>A fonte sublinha ainda que as informa\u00e7\u00f5es recentemente postas a circular n\u00e3o t\u00eam qualquer liga\u00e7\u00e3o com a FAF, tratando-se de dados n\u00e3o oficiais.<\/p>\n\n\n\n<p>A TV Belas apurou tamb\u00e9m que, at\u00e9 ao final da semana, a FAF dever\u00e1 divulgar oficialmente os advers\u00e1rios dos Palancas Negras para a pr\u00f3xima janela internacional.<\/p>\n\n\n\n<figure class=\"wp-block-image size-large\"><img loading=\"lazy\" decoding=\"async\" width=\"1024\" height=\"684\" src=\"https:\/\/tvbelas.com\/tvbelas\/wp-content\/uploads\/2026\/04\/608720971_1157157109911395_9371004787185269_n-1024x684.jpg\" alt=\"\" class=\"wp-image-19874\" srcset=\"https:\/\/tvbelas.com\/tvbelas\/wp-content\/uploads\/2026\/04\/608720971_1157157109911395_9371004787185269_n-1024x684.jpg 1024w, https:\/\/tvbelas.com\/tvbelas\/wp-content\/uploads\/2026\/04\/608720971_1157157109911395_9371004787185269_n-300x200.jpg 300w, https:\/\/tvbelas.com\/tvbelas\/wp-content\/uploads\/2026\/04\/608720971_1157157109911395_9371004787185269_n-768x513.jpg 768w, https:\/\/tvbelas.com\/tvbelas\/wp-content\/uploads\/2026\/04\/608720971_1157157109911395_9371004787185269_n-150x100.jpg 150w, https:\/\/tvbelas.com\/tvbelas\/wp-content\/uploads\/2026\/04\/608720971_1157157109911395_9371004787185269_n-696x465.jpg 696w, https:\/\/tvbelas.com\/tvbelas\/wp-content\/uploads\/2026\/04\/608720971_1157157109911395_9371004787185269_n-1068x714.jpg 1068w, https:\/\/tvbelas.com\/tvbelas\/wp-content\/uploads\/2026\/04\/608720971_1157157109911395_9371004787185269_n-629x420.jpg 629w, https:\/\/tvbelas.com\/tvbelas\/wp-content\/uploads\/2026\/04\/608720971_1157157109911395_9371004787185269_n.jpg 1308w\" sizes=\"auto, (max-width: 1024px) 100vw, 1024px\" \/><\/figure>\n","protected":false},"excerpt":{"rendered":"<p>Uma fonte interna da Federa\u00e7\u00e3o Angolana de Futebol (FAF) revelou que a Sele\u00e7\u00e3o Nacional n\u00e3o tem qualquer jogo agendado contra a Ucr\u00e2nia, contrariando informa\u00e7\u00f5es que circulam nas \u00faltimas horas. Segundo a mesma fonte, ligada \u00e0 estrutura de comando da FAF, \u201cn\u00e3o existe qualquer conversa e muito menos inten\u00e7\u00e3o de realizar um jogo com a Ucr\u00e2nia\u201d, [&hellip;]<\/p>\n","protected":false},"author":1,"featured_media":19874,"comment_status":"open","ping_status":"closed","sticky":false,"template":"","format":"standard","meta":{"footnotes":""},"categories":[19],"tags":[],"class_list":{"0":"post-19873","1":"post","2":"type-post","3":"status-publish","4":"format-standard","5":"has-post-thumbnail","7":"category-desporto"},"amp_enabled":true,"_links":{"self":[{"href":"https:\/\/tvbelas.com\/tvbelas\/wp-json\/wp\/v2\/posts\/19873","targetHints":{"allow":["GET"]}}],"collection":[{"href":"https:\/\/tvbelas.com\/tvbelas\/wp-json\/wp\/v2\/posts"}],"about":[{"href":"https:\/\/tvbelas.com\/tvbelas\/wp-json\/wp\/v2\/types\/post"}],"author":[{"embeddable":true,"href":"https:\/\/tvbelas.com\/tvbelas\/wp-json\/wp\/v2\/users\/1"}],"replies":[{"embeddable":true,"href":"https:\/\/tvbelas.com\/tvbelas\/wp-json\/wp\/v2\/comments?post=19873"}],"version-history":[{"count":1,"href":"https:\/\/tvbelas.com\/tvbelas\/wp-json\/wp\/v2\/posts\/19873\/revisions"}],"predecessor-version":[{"id":19875,"href":"https:\/\/tvbelas.com\/tvbelas\/wp-json\/wp\/v2\/posts\/19873\/revisions\/19875"}],"wp:featuredmedia":[{"embeddable":true,"href":"https:\/\/tvbelas.com\/tvbelas\/wp-json\/wp\/v2\/media\/19874"}],"wp:attachment":[{"href":"https:\/\/tvbelas.com\/tvbelas\/wp-json\/wp\/v2\/media?parent=19873"}],"wp:term":[{"taxonomy":"category","embeddable":true,"href":"https:\/\/tvbelas.com\/tvbelas\/wp-json\/wp\/v2\/categories?post=19873"},{"taxonomy":"post_tag","embeddable":true,"href":"https:\/\/tvbelas.com\/tvbelas\/wp-json\/wp\/v2\/tags?post=19873"}],"curies":[{"name":"wp","href":"https:\/\/api.w.org\/{rel}","templated":true}]}}