{"id":19929,"date":"2026-04-27T10:18:17","date_gmt":"2026-04-27T09:18:17","guid":{"rendered":"https:\/\/tvbelas.com\/tvbelas\/?p=19929"},"modified":"2026-04-27T10:18:25","modified_gmt":"2026-04-27T09:18:25","slug":"palancas-negras-defrontam-botswana-e-rca-na-data-fifa-de-junho","status":"publish","type":"post","link":"https:\/\/tvbelas.com\/tvbelas\/noticias\/desporto\/palancas-negras-defrontam-botswana-e-rca-na-data-fifa-de-junho\/","title":{"rendered":"PALANCAS NEGRAS DEFRONTAM BOTSWANA E RCA NA DATA FIFA DE JUNHO"},"content":{"rendered":"\n<p>A Selec\u00e7\u00e3o Nacional de Futebol de Angola, os Palancas Negras, tem j\u00e1 agendados dois encontros no \u00e2mbito da segunda Data FIFA do ano. A equipa orientada pela sua equipa t\u00e9cnica vai medir for\u00e7as com as cong\u00e9neres do Botswana e da Rep\u00fablica Centro-Africana, nos dias 5 e 9 de Junho, respectivamente.<\/p>\n\n\n\n<p>De acordo com informa\u00e7\u00f5es j\u00e1 avan\u00e7adas pela TV Belas, os desafios ser\u00e3o disputados na cidade de Casablanca, no Reino de Marrocos, palco escolhido para acolher esta dupla jornada internacional.<\/p>\n\n\n\n<p>Os jogos inserem-se na estrat\u00e9gia de prepara\u00e7\u00e3o da selec\u00e7\u00e3o angolana, visando refor\u00e7ar a competitividade do grupo e consolidar os n\u00edveis de entrosamento entre os atletas, tendo em vista os pr\u00f3ximos compromissos oficiais<\/p>\n","protected":false},"excerpt":{"rendered":"<p>A Selec\u00e7\u00e3o Nacional de Futebol de Angola, os Palancas Negras, tem j\u00e1 agendados dois encontros no \u00e2mbito da segunda Data FIFA do ano. A equipa orientada pela sua equipa t\u00e9cnica vai medir for\u00e7as com as cong\u00e9neres do Botswana e da Rep\u00fablica Centro-Africana, nos dias 5 e 9 de Junho, respectivamente. De acordo com informa\u00e7\u00f5es j\u00e1 [&hellip;]<\/p>\n","protected":false},"author":1,"featured_media":19874,"comment_status":"open","ping_status":"closed","sticky":false,"template":"","format":"standard","meta":{"footnotes":""},"categories":[19],"tags":[],"class_list":{"0":"post-19929","1":"post","2":"type-post","3":"status-publish","4":"format-standard","5":"has-post-thumbnail","7":"category-desporto"},"amp_enabled":true,"_links":{"self":[{"href":"https:\/\/tvbelas.com\/tvbelas\/wp-json\/wp\/v2\/posts\/19929","targetHints":{"allow":["GET"]}}],"collection":[{"href":"https:\/\/tvbelas.com\/tvbelas\/wp-json\/wp\/v2\/posts"}],"about":[{"href":"https:\/\/tvbelas.com\/tvbelas\/wp-json\/wp\/v2\/types\/post"}],"author":[{"embeddable":true,"href":"https:\/\/tvbelas.com\/tvbelas\/wp-json\/wp\/v2\/users\/1"}],"replies":[{"embeddable":true,"href":"https:\/\/tvbelas.com\/tvbelas\/wp-json\/wp\/v2\/comments?post=19929"}],"version-history":[{"count":1,"href":"https:\/\/tvbelas.com\/tvbelas\/wp-json\/wp\/v2\/posts\/19929\/revisions"}],"predecessor-version":[{"id":19930,"href":"https:\/\/tvbelas.com\/tvbelas\/wp-json\/wp\/v2\/posts\/19929\/revisions\/19930"}],"wp:featuredmedia":[{"embeddable":true,"href":"https:\/\/tvbelas.com\/tvbelas\/wp-json\/wp\/v2\/media\/19874"}],"wp:attachment":[{"href":"https:\/\/tvbelas.com\/tvbelas\/wp-json\/wp\/v2\/media?parent=19929"}],"wp:term":[{"taxonomy":"category","embeddable":true,"href":"https:\/\/tvbelas.com\/tvbelas\/wp-json\/wp\/v2\/categories?post=19929"},{"taxonomy":"post_tag","embeddable":true,"href":"https:\/\/tvbelas.com\/tvbelas\/wp-json\/wp\/v2\/tags?post=19929"}],"curies":[{"name":"wp","href":"https:\/\/api.w.org\/{rel}","templated":true}]}}