{"id":1996,"date":"2020-09-22T22:13:16","date_gmt":"2020-09-22T21:13:16","guid":{"rendered":"http:\/\/tvbelas.com\/tvbelas\/?p=1996"},"modified":"2020-09-22T22:13:16","modified_gmt":"2020-09-22T21:13:16","slug":"empresario-carlos-sao-vicente-detido-na-cadeia-de-viana","status":"publish","type":"post","link":"https:\/\/tvbelas.com\/tvbelas\/noticias\/empresario-carlos-sao-vicente-detido-na-cadeia-de-viana\/","title":{"rendered":"Empres\u00e1rio Carlos S\u00e3o Vicente detido na cadeia de Viana"},"content":{"rendered":"<p>Segundo uma fonte da Procuradoria-Geral da Rep\u00fablica (PGR), cita a Lusa, em causa est\u00e1 uma investiga\u00e7\u00e3o que envolve uma conta banc\u00e1ria de Carlos S\u00e3o Vicente congelada na Su\u00ed\u00e7a, por suspeitas de lavagem de dinheiro com cerca de 900 milh\u00f5es de d\u00f3lares, o equivalente a 752 milh\u00f5es de euros, segundo divulgou um blogue su\u00ed\u00e7o que acompanha quest\u00f5es judiciais naquele pa\u00eds.<\/p>\n","protected":false},"excerpt":{"rendered":"<p>Segundo uma fonte da Procuradoria-Geral da Rep\u00fablica (PGR), cita a Lusa, em causa est\u00e1 uma investiga\u00e7\u00e3o que envolve uma conta banc\u00e1ria de Carlos S\u00e3o Vicente congelada na Su\u00ed\u00e7a, por suspeitas de lavagem de dinheiro com cerca de 900 milh\u00f5es de d\u00f3lares, o equivalente a 752 milh\u00f5es de euros, segundo divulgou um blogue su\u00ed\u00e7o que acompanha [&hellip;]<\/p>\n","protected":false},"author":1,"featured_media":1997,"comment_status":"open","ping_status":"open","sticky":false,"template":"","format":"standard","meta":{"footnotes":""},"categories":[10],"tags":[210],"class_list":{"0":"post-1996","1":"post","2":"type-post","3":"status-publish","4":"format-standard","5":"has-post-thumbnail","7":"category-noticias","8":"tag-sao-vicente"},"amp_enabled":true,"_links":{"self":[{"href":"https:\/\/tvbelas.com\/tvbelas\/wp-json\/wp\/v2\/posts\/1996","targetHints":{"allow":["GET"]}}],"collection":[{"href":"https:\/\/tvbelas.com\/tvbelas\/wp-json\/wp\/v2\/posts"}],"about":[{"href":"https:\/\/tvbelas.com\/tvbelas\/wp-json\/wp\/v2\/types\/post"}],"author":[{"embeddable":true,"href":"https:\/\/tvbelas.com\/tvbelas\/wp-json\/wp\/v2\/users\/1"}],"replies":[{"embeddable":true,"href":"https:\/\/tvbelas.com\/tvbelas\/wp-json\/wp\/v2\/comments?post=1996"}],"version-history":[{"count":0,"href":"https:\/\/tvbelas.com\/tvbelas\/wp-json\/wp\/v2\/posts\/1996\/revisions"}],"wp:featuredmedia":[{"embeddable":true,"href":"https:\/\/tvbelas.com\/tvbelas\/wp-json\/"}],"wp:attachment":[{"href":"https:\/\/tvbelas.com\/tvbelas\/wp-json\/wp\/v2\/media?parent=1996"}],"wp:term":[{"taxonomy":"category","embeddable":true,"href":"https:\/\/tvbelas.com\/tvbelas\/wp-json\/wp\/v2\/categories?post=1996"},{"taxonomy":"post_tag","embeddable":true,"href":"https:\/\/tvbelas.com\/tvbelas\/wp-json\/wp\/v2\/tags?post=1996"}],"curies":[{"name":"wp","href":"https:\/\/api.w.org\/{rel}","templated":true}]}}