{"id":2002,"date":"2020-09-22T23:13:02","date_gmt":"2020-09-22T22:13:02","guid":{"rendered":"http:\/\/tvbelas.com\/tvbelas\/?p=2002"},"modified":"2020-09-22T23:13:02","modified_gmt":"2020-09-22T22:13:02","slug":"o-presidente-da-republica-joao-lourenco-discursou-na-tarde-desta-terca-feira-noite-em-angola-para-a-75a-sessao-da-assembleia-geral-das-nacoes-unidas-a-decorrer-em-nova-iorque-a-alocucao-foi-feit","status":"publish","type":"post","link":"https:\/\/tvbelas.com\/tvbelas\/noticias\/o-presidente-da-republica-joao-lourenco-discursou-na-tarde-desta-terca-feira-noite-em-angola-para-a-75a-sessao-da-assembleia-geral-das-nacoes-unidas-a-decorrer-em-nova-iorque-a-alocucao-foi-feit\/","title":{"rendered":"O Presidente da Rep\u00fablica, Jo\u00e3o Louren\u00e7o, discursou na tarde desta ter\u00e7a-feira (noite em Angola) para a 75a Sess\u00e3o da Assembleia Geral das Na\u00e7\u00f5es Unidas, a decorrer em Nova Iorque. A alocu\u00e7\u00e3o foi feita por v\u00eddeoconfer\u00eancia"},"content":{"rendered":"<p>O Presidente da Rep\u00fablica, Jo\u00e3o Louren\u00e7o, discursou na tarde desta ter\u00e7a-feira (noite em Angola) para a 75a Sess\u00e3o da Assembleia Geral das Na\u00e7\u00f5es Unidas, a decorrer em Nova Iorque. A alocu\u00e7\u00e3o foi feita por v\u00eddeoconfer\u00eancia, a partir do Pal\u00e1cio Presidencial, em Luanda.<br \/>\nEis, em vers\u00e3o integral, o discurso do Chefe de Estado:<br \/>\nSua Excel\u00eancia Ant\u00f3nio Guterres, Secret\u00e1rio-Geral das Na\u00e7\u00f5es Unidas,<br \/>\nSua Excel\u00eancia Volkan Bozkir, Presidente da 75\u00aa Sess\u00e3o da Assembleia-Geral das Na\u00e7\u00f5es Unidas,<br \/>\nExcel\u00eancias Chefes de Estado e de Governo,<br \/>\nDistintos Delegados,<br \/>\nMinhas senhoras, Meus senhores.<br \/>\nN\u00e3o h\u00e1 mem\u00f3ria desde a sua funda\u00e7\u00e3o, de uma situa\u00e7\u00e3o em que os Chefes de Estado ou de Governo dos pa\u00edses membros da Organiza\u00e7\u00e3o das Na\u00e7\u00f5es Unidas, ficassem por raz\u00f5es alheias \u00e0s suas agendas, todos impedidos de participar pessoalmente na Assembleia-Geral desta organiza\u00e7\u00e3o, que se debru\u00e7a sobre os grandes temas das rela\u00e7\u00f5es internacionais e procura delinear solu\u00e7\u00f5es para resolver as principais preocupa\u00e7\u00f5es da Humanidade garantindo a paz, a seguran\u00e7a e a estabilidade do nosso planeta, nossa casa comum.<br \/>\nHoje, apesar das actuais circunst\u00e2ncias decorrentes da pandemia da COVID-19, que imp\u00f5em a todos n\u00f3s restri\u00e7\u00f5es de movimentos e outros procedimentos adequados ao contexto actual, est\u00e1 a ser poss\u00edvel comunicarmo-nos, com a sensa\u00e7\u00e3o virtual de estarmos juntos, gra\u00e7as \u00e0s quase ilimitadas possibilidades que as novas tecnologias colocam ao servi\u00e7o da Humanidade.<br \/>\nPermita-me, senhor Secret\u00e1rio-Geral, que o felicite por ter tomado a oportuna decis\u00e3o de manter a din\u00e2mica de funcionamento das Na\u00e7\u00f5es Unidas com os recursos tecnol\u00f3gicos ao nosso dispor.<br \/>\nGostaria ainda de real\u00e7ar a maneira exemplar como tem abordado os problemas que derivam da pandemia da COVID-19, cujos efeitos e consequ\u00eancias teriam assumido propor\u00e7\u00f5es mais dram\u00e1ticas do que as que conhecemos actualmente, se a Organiza\u00e7\u00e3o Mundial da Sa\u00fade e outras ag\u00eancias especializadas que integram o sistema das Na\u00e7\u00f5es Unidas n\u00e3o tivessem agido com rapidez e produzido recomenda\u00e7\u00f5es que ajudaram, em grande medida, a controlar a propaga\u00e7\u00e3o da doen\u00e7a.<br \/>\nExcel\u00eancias,<br \/>\nEsta pandemia veio demonstrar a fragilidade, a n\u00edvel mundial, das estruturas sanit\u00e1rias de resposta a problemas de t\u00e3o elevada magnitude e gravidade.<br \/>\nApesar desta constata\u00e7\u00e3o, tem sido poss\u00edvel atrav\u00e9s da conjuga\u00e7\u00e3o de esfor\u00e7os, da colabora\u00e7\u00e3o e da coopera\u00e7\u00e3o entre as na\u00e7\u00f5es e do interc\u00e2mbio entre as institui\u00e7\u00f5es cient\u00edficas especializadas, fazer face a um problema que era totalmente desconhecido e que nos obrigou a buscar respostas r\u00e1pidas para a atenua\u00e7\u00e3o dos efeitos da doen\u00e7a.<br \/>\nEste problema sanit\u00e1rio global paralisou toda a din\u00e2mica que se perspectivou em termos de retoma da economia mundial, que ap\u00f3s a crise econ\u00f3mica iniciada em 2008 dava sinais animadores de recupera\u00e7\u00e3o e muito particularmente em pa\u00edses em vias de desenvolvimento, como no caso de Angola.<br \/>\nAs nossas esperan\u00e7as de come\u00e7ar a obter resultados positivos depois do esfor\u00e7o de reestrutura\u00e7\u00e3o da economia nacional, realizado num contexto em que tivemos de aplicar medidas dif\u00edceis e com um impacto bastante duro sobre a vida das popula\u00e7\u00f5es, n\u00e3o se v\u00e3o concretizar a breve trecho, em raz\u00e3o dos constrangimentos actuais que desarticulam a cadeia produtiva, afectam os pre\u00e7os dos principais produtos de exporta\u00e7\u00e3o, paralisam os servi\u00e7os e outros sectores vitais da economia, desencadeando n\u00edveis de desemprego bastante altos e uma situa\u00e7\u00e3o social preocupante.<br \/>\nImporta real\u00e7ar que os recursos de que disp\u00fanhamos para financiar os sectores produtivos da economia dentro da l\u00f3gica da sua recupera\u00e7\u00e3o tiveram que ser desviados face ao contexto actual, para atender \u00e0s necessidades de biosseguran\u00e7a e outras de car\u00e1cter epidemiol\u00f3gico urgente, que a pandemia nos colocou.<br \/>\nNeste \u00e2mbito, fomos obrigados a criar muito rapidamente centros para albergar pessoas em situa\u00e7\u00e3o de quarentena institucional em todo o territ\u00f3rio nacional, apetrechar os hospitais do pa\u00eds com equipamentos fundamentais para as urg\u00eancias m\u00e9dicas ligadas \u00e0 COVID-19 e n\u00e3o s\u00f3, criar centros hospitalares com capacidade para atender um eventual surto da pandemia e outras estruturas afins.<br \/>\nDevo reconhecer que, para al\u00e9m dos esfor\u00e7os feitos por n\u00f3s pr\u00f3prios, benefici\u00e1mos tamb\u00e9m da solidariedade de outros pa\u00edses, de organiza\u00e7\u00f5es internacionais, de empresas e de organiza\u00e7\u00f5es n\u00e3o governamentais nacionais e estrangeiras, assim como de cidad\u00e3os individuais, que desta forma ajudaram a mitigar os impactos da pandemia em Angola, o que desde j\u00e1 agradecemos.<br \/>\nExcel\u00eancias,<br \/>\nEsta virtude humana que sempre foi \u00fatil em momentos t\u00e3o cr\u00edticos como os que estamos a viver, ajuda bastante mas nem sempre \u00e9 suficiente para resolver a fundo os problemas que temos que enfrentar, em consequ\u00eancia de situa\u00e7\u00f5es t\u00e3o complexas como as que nos preocupam actualmente.<br \/>\nPor isso, manifesto um grande apre\u00e7o pela iniciativa do G-20, que revelou uma grande sensibilidade para a necessidade de uma ac\u00e7\u00e3o colectiva no sentido de se aliviar a d\u00edvida dos pa\u00edses em vias de desenvolvimento, para atenuar o peso da responsabilidade que recai sobre esse grupo de pa\u00edses.<br \/>\nPensamos ser fundamental que se encare o investimento directo nas economias dos pa\u00edses em vias de desenvolvimento como a grande equa\u00e7\u00e3o para o seu crescimento econ\u00f3mico e desenvolvimento.<br \/>\nEste objectivo pode ser alcan\u00e7ado se os pa\u00edses desenvolvidos se mobilizarem no sentido de criarem fundos de apoio ao investimento em \u00c1frica, a serem utilizados pelos seus investidores interessados em realizar neg\u00f3cios no continente africano, onde poder\u00e3o produzir bens e servi\u00e7os para o consumo local e export\u00e1veis.<br \/>\nExcel\u00eancias,<br \/>\nA pandemia da Covid-19 veio demonstrar que nas circunst\u00e2ncias em que se actua coordenadamente, reparte-se de modo mais eficaz a responsabilidade por todos e obt\u00e9m-se, por isso, resultados mais satisfat\u00f3rios.<br \/>\nEsta vis\u00e3o refor\u00e7a a ideia de que o multilateralismo deve estar sempre presente na abordagem a ser feita sobre as quest\u00f5es internacionais mais candentes que o mundo enfrenta.<br \/>\nPor esta raz\u00e3o, ao longo do seu percurso, as Na\u00e7\u00f5es Unidas t\u00eam advogado o multilateralismo na solu\u00e7\u00e3o dos intrincados problemas da Humanidade.<br \/>\nAssim, pensamos que dentro desse mesmo esp\u00edrito devemos concentrar os nossos esfor\u00e7os na busca de solu\u00e7\u00f5es justas e duradouras para os problemas do M\u00e9dio Oriente, que respeitem as pertinentes resolu\u00e7\u00f5es do Conselho de Seguran\u00e7a sobre a mat\u00e9ria, bem como os que afligem o continente africano, onde ainda perduram conflitos e instabilidade como na L\u00edbia, na Regi\u00e3o do Sahel e outros de menor escala noutras regi\u00f5es do continente.<br \/>\nImporta reconhecer que a natureza dos problemas de seguran\u00e7a em \u00c1frica, em muitos casos est\u00e1 associada ao fen\u00f3meno do terrorismo internacional, da expans\u00e3o do fundamentalismo religioso e dos conflitos p\u00f3s eleitorais, o que requer uma aten\u00e7\u00e3o e vigil\u00e2ncia redobrada por parte das Na\u00e7\u00f5es Unidas, que n\u00e3o devem descurar o apoio a ser prestado aos pa\u00edses que enfrentam essas realidades.<br \/>\nPerante os factos referidos, as Na\u00e7\u00f5es Unidas devem procurar interpretar com isen\u00e7\u00e3o os factores que est\u00e3o na origem das tens\u00f5es pol\u00edticas internas decorrentes dos processos eleitorais e assumir posicionamentos que n\u00e3o ignorem os Governos legitimamente estabelecidos, mas que reforcem tamb\u00e9m a sua capacidade de intervir para a resolu\u00e7\u00e3o dos problemas que garantam o funcionamento normal das institui\u00e7\u00f5es.<br \/>\nExcel\u00eancias,<br \/>\nAs Na\u00e7\u00f5es Unidas, no contexto actual do mundo, que configura uma realidade totalmente distinta da que esteve na origem da sua funda\u00e7\u00e3o, devem procurar fazer reflectir nas suas estruturas internas as caracter\u00edsticas da realidade geo-pol\u00edtica dos nossos dias, para se tornar numa organiza\u00e7\u00e3o capaz de salvaguardar com equil\u00edbrio os interesses globais.<br \/>\nNeste sentido, reiteramos uma vez mais a necessidade urgente de se reestruturar a organiza\u00e7\u00e3o de modo a que se consiga alcan\u00e7ar uma composi\u00e7\u00e3o do Conselho de Seguran\u00e7a da ONU que melhor reflicta a representatividade dos povos, das na\u00e7\u00f5es e dos continentes.<br \/>\nExcel\u00eancias,<br \/>\nAgrade\u00e7o a aten\u00e7\u00e3o que me foi dispensada fazendo votos que esta 75.\u00aa Sess\u00e3o das Na\u00e7\u00f5es Unidas atinja os objectivos a que se prop\u00f4s.<br \/>\nMuito obrigado.<\/p>\n","protected":false},"excerpt":{"rendered":"<p>O Presidente da Rep\u00fablica, Jo\u00e3o Louren\u00e7o, discursou na tarde desta ter\u00e7a-feira (noite em Angola) para a 75a Sess\u00e3o da Assembleia Geral das Na\u00e7\u00f5es Unidas, a decorrer em Nova Iorque. A alocu\u00e7\u00e3o foi feita por v\u00eddeoconfer\u00eancia, a partir do Pal\u00e1cio Presidencial, em Luanda. Eis, em vers\u00e3o integral, o discurso do Chefe de Estado: Sua Excel\u00eancia Ant\u00f3nio [&hellip;]<\/p>\n","protected":false},"author":1,"featured_media":2003,"comment_status":"open","ping_status":"open","sticky":false,"template":"","format":"gallery","meta":{"footnotes":""},"categories":[10],"tags":[141],"class_list":{"0":"post-2002","1":"post","2":"type-post","3":"status-publish","4":"format-gallery","5":"has-post-thumbnail","7":"category-noticias","8":"tag-jlo","9":"post_format-post-format-gallery"},"amp_enabled":true,"_links":{"self":[{"href":"https:\/\/tvbelas.com\/tvbelas\/wp-json\/wp\/v2\/posts\/2002","targetHints":{"allow":["GET"]}}],"collection":[{"href":"https:\/\/tvbelas.com\/tvbelas\/wp-json\/wp\/v2\/posts"}],"about":[{"href":"https:\/\/tvbelas.com\/tvbelas\/wp-json\/wp\/v2\/types\/post"}],"author":[{"embeddable":true,"href":"https:\/\/tvbelas.com\/tvbelas\/wp-json\/wp\/v2\/users\/1"}],"replies":[{"embeddable":true,"href":"https:\/\/tvbelas.com\/tvbelas\/wp-json\/wp\/v2\/comments?post=2002"}],"version-history":[{"count":0,"href":"https:\/\/tvbelas.com\/tvbelas\/wp-json\/wp\/v2\/posts\/2002\/revisions"}],"wp:featuredmedia":[{"embeddable":true,"href":"https:\/\/tvbelas.com\/tvbelas\/wp-json\/"}],"wp:attachment":[{"href":"https:\/\/tvbelas.com\/tvbelas\/wp-json\/wp\/v2\/media?parent=2002"}],"wp:term":[{"taxonomy":"category","embeddable":true,"href":"https:\/\/tvbelas.com\/tvbelas\/wp-json\/wp\/v2\/categories?post=2002"},{"taxonomy":"post_tag","embeddable":true,"href":"https:\/\/tvbelas.com\/tvbelas\/wp-json\/wp\/v2\/tags?post=2002"}],"curies":[{"name":"wp","href":"https:\/\/api.w.org\/{rel}","templated":true}]}}