{"id":2044,"date":"2020-09-24T01:17:36","date_gmt":"2020-09-24T00:17:36","guid":{"rendered":"http:\/\/tvbelas.com\/tvbelas\/?p=2044"},"modified":"2020-09-24T01:17:36","modified_gmt":"2020-09-24T00:17:36","slug":"covid-19-brasil-atinge-46-milhoes-de-casos-e-aproxima-se-dos-139-mil-mortos","status":"publish","type":"post","link":"https:\/\/tvbelas.com\/tvbelas\/noticias\/internacional\/covid-19-brasil-atinge-46-milhoes-de-casos-e-aproxima-se-dos-139-mil-mortos\/","title":{"rendered":"Covid-19: Brasil atinge 4,6 milh\u00f5es de casos e aproxima-se dos 139 mil mortos"},"content":{"rendered":"<p>O Brasil atingiu hoje 4,6 milh\u00f5es de pessoas diagnosticadas com a covid-19 (4.624.885) e aproxima-se das 139 mil mortes (138.977), informou o Minist\u00e9rio da Sa\u00fade no seu boletim epidemiol\u00f3gico.<\/p>\n<p class=\"text-paragraph\">Desse total, 869 mortes e 33.281 infetados foram contabilizados nas \u00faltimas 24 horas, estando ainda a ser estudada uma poss\u00edvel rela\u00e7\u00e3o de 2.422 \u00f3bitos com a covid-19.<\/p>\n<p class=\"text-paragraph\">Em territ\u00f3rio brasileiro, 3.992.886 de pacientes diagnosticados j\u00e1 recuperaram da doen\u00e7a causada pelo novo coronav\u00edrus, enquanto que 493.022 infetados est\u00e3o sob acompanhamento m\u00e9dico, segundo as autoridades nacionais de Sa\u00fade.<\/p>\n<p class=\"text-paragraph\">No Brasil, pa\u00eds lus\u00f3fono mais afetado pela pandemia, os estados que concentram o maior n\u00famero de infe\u00e7\u00f5es s\u00e3o S\u00e3o Paulo (951.973), Bahia (299.415), Minas Gerais (276.314) e Rio de Janeiro (254.885).<\/p>\n<p class=\"text-paragraph\">No topo da lista de unidades federativas com mais mortes est\u00e3o tamb\u00e9m S\u00e3o Paulo (34.492), seguido pelo Rio de Janeiro (17.911), Cear\u00e1 (8.861) e Pernambuco (8.085).<\/p>\n<p class=\"text-paragraph\">Ap\u00f3s o Governo brasileiro ter aprovado, na ter\u00e7a-feira, um estudo da Confedera\u00e7\u00e3o Brasileira de Futebol (CBF) para o regresso dos adeptos aos est\u00e1dios, o governador do estado de S\u00e3o Paulo, foco da pandemia no pa\u00eds, anunciou hoje que n\u00e3o autoriza a realiza\u00e7\u00e3o de jogos de futebol com a presen\u00e7a de p\u00fablico.<\/p>\n<p class=\"text-paragraph\">\u201cRespeitamos a CBF, os diretores e aqueles que procuram valorizar as pr\u00e1ticas desportivas, mas a nossa obriga\u00e7\u00e3o e o nosso dever \u00e9 proteger a vida de todas as pessoas, incluindo treinadores, comiss\u00e3o t\u00e9cnica, jogadores, adeptos e todos os que est\u00e3o no estado de S\u00e3o Paulo\u201d, disse Doria, em confer\u00eancia de imprensa.<\/p>\n<p class=\"text-paragraph\">\u201cAqui, n\u00e3o h\u00e1 press\u00e3o pol\u00edtica, econ\u00f3mica, partid\u00e1ria ou desportiva. Aqui, o foco \u00e9 a prote\u00e7\u00e3o aos brasileiros que est\u00e3o em S\u00e3o Paulo\u201d, acrescentou o governador.<\/p>\n<p class=\"text-paragraph\">Em comunicado, o Minist\u00e9rio da Sa\u00fade divulgou, na ter\u00e7a-feira, que deu &#8216;luz verde&#8217; para o regresso do p\u00fablico aos est\u00e1dios, ainda que de forma parcial, pois apenas permitir\u00e1 a ocupa\u00e7\u00e3o de cerca de 30% da lota\u00e7\u00e3o m\u00e1xima, num primeiro momento.<\/p>\n<p class=\"text-paragraph\">A percentagem de casos positivos do covid-19 nos testes que os jogadores devem fazer antes de cada jogo do Campeonato Brasileiro n\u00e3o chega a 2% (1,9%), informou hoje a CBF.<\/p>\n<p class=\"text-paragraph\">De acordo com esta entidade, dos 9.690 exames diagn\u00f3sticos realizados oficialmente antes de todas as partidas do Campeonato Brasileiro da primeira, segunda e terceira divis\u00f5es disputadas este ano, 182 tiveram resultado positivo.<\/p>\n<p class=\"text-paragraph\">A pandemia de covid-19 j\u00e1 provocou pelo menos 971.677 mortos e mais de 31,6 milh\u00f5es de casos de infe\u00e7\u00e3o em todo o mundo, segundo um balan\u00e7o feito pela ag\u00eancia francesa AFP.<\/p>\n<p class=\"text-paragraph\">A doen\u00e7a \u00e9 transmitida por um novo coronav\u00edrus detetado no final de dezembro, em Wuhan, uma cidade do centro da China.<\/p>\n<p class=\"text-paragraph\">Depois de a Europa ter sucedido \u00e0 China como centro da pandemia em fevereiro, o continente americano \u00e9 agora o que tem mais casos confirmados e mais mortes.<\/p>\n","protected":false},"excerpt":{"rendered":"<p>O Brasil atingiu hoje 4,6 milh\u00f5es de pessoas diagnosticadas com a covid-19 (4.624.885) e aproxima-se das 139 mil mortes (138.977), informou o Minist\u00e9rio da Sa\u00fade no seu boletim epidemiol\u00f3gico. Desse total, 869 mortes e 33.281 infetados foram contabilizados nas \u00faltimas 24 horas, estando ainda a ser estudada uma poss\u00edvel rela\u00e7\u00e3o de 2.422 \u00f3bitos com a [&hellip;]<\/p>\n","protected":false},"author":1,"featured_media":2045,"comment_status":"open","ping_status":"open","sticky":false,"template":"","format":"standard","meta":{"footnotes":""},"categories":[22],"tags":[],"class_list":{"0":"post-2044","1":"post","2":"type-post","3":"status-publish","4":"format-standard","5":"has-post-thumbnail","7":"category-internacional"},"amp_enabled":true,"_links":{"self":[{"href":"https:\/\/tvbelas.com\/tvbelas\/wp-json\/wp\/v2\/posts\/2044","targetHints":{"allow":["GET"]}}],"collection":[{"href":"https:\/\/tvbelas.com\/tvbelas\/wp-json\/wp\/v2\/posts"}],"about":[{"href":"https:\/\/tvbelas.com\/tvbelas\/wp-json\/wp\/v2\/types\/post"}],"author":[{"embeddable":true,"href":"https:\/\/tvbelas.com\/tvbelas\/wp-json\/wp\/v2\/users\/1"}],"replies":[{"embeddable":true,"href":"https:\/\/tvbelas.com\/tvbelas\/wp-json\/wp\/v2\/comments?post=2044"}],"version-history":[{"count":0,"href":"https:\/\/tvbelas.com\/tvbelas\/wp-json\/wp\/v2\/posts\/2044\/revisions"}],"wp:featuredmedia":[{"embeddable":true,"href":"https:\/\/tvbelas.com\/tvbelas\/wp-json\/"}],"wp:attachment":[{"href":"https:\/\/tvbelas.com\/tvbelas\/wp-json\/wp\/v2\/media?parent=2044"}],"wp:term":[{"taxonomy":"category","embeddable":true,"href":"https:\/\/tvbelas.com\/tvbelas\/wp-json\/wp\/v2\/categories?post=2044"},{"taxonomy":"post_tag","embeddable":true,"href":"https:\/\/tvbelas.com\/tvbelas\/wp-json\/wp\/v2\/tags?post=2044"}],"curies":[{"name":"wp","href":"https:\/\/api.w.org\/{rel}","templated":true}]}}