{"id":2050,"date":"2020-09-24T09:32:12","date_gmt":"2020-09-24T08:32:12","guid":{"rendered":"http:\/\/tvbelas.com\/tvbelas\/?p=2050"},"modified":"2020-09-24T09:32:12","modified_gmt":"2020-09-24T08:32:12","slug":"crianca-de-11-anos-mata-a-tiro-a-amiga-no-rangel","status":"publish","type":"post","link":"https:\/\/tvbelas.com\/tvbelas\/noticias\/sociedade\/crianca-de-11-anos-mata-a-tiro-a-amiga-no-rangel\/","title":{"rendered":"Crian\u00e7a de 11 anos mata a tiro a amiga no Rangel"},"content":{"rendered":"<div class=\"o9v6fnle cxmmr5t8 oygrvhab hcukyx3x c1et5uql\">O acidente aconteceu no distrito urbano do Rangel, quando Charlene, a v\u00edtima, de 10 anos, juntamente com a tia, Massala Jos\u00e9, tamb\u00e9m menor, sa\u00edram para comprar qui\u00e7\u00e2ngua em casa de uma vizinha. Nesta altura, segundo o jornal O Crime, a pr\u00f3pria tia da v\u00edtima, deparou-se com as amigas, entre elas a alegada autora do disparo, com quem ficaram entretidas at\u00e9 serem convidadas por esta a entrarem em sua casa a fim de lhes mostrar a pistola do pai.<\/div>\n<div class=\"o9v6fnle cxmmr5t8 oygrvhab hcukyx3x c1et5uql\">Segundo Massala, momentos antes do inesperado, o irm\u00e3o mais novo da acusada pediu que a mesma n\u00e3o pensasse sequer em mostrar a pistola \u00e0s amigas, conselho que n\u00e3o foi acatado e aconteceu o inesperado.<\/div>\n<div class=\"o9v6fnle cxmmr5t8 oygrvhab hcukyx3x c1et5uql\">Ouviram dois disparos que atingiu o olho esquerdo de Charlene e a bala saiu por tr\u00e1s da cabe\u00e7a, segundo a menor Massala Jos\u00e9, tendo a sua sobrinha perdido a vida imediata.<\/div>\n<div class=\"o9v6fnle cxmmr5t8 oygrvhab hcukyx3x c1et5uql\">Pelo facto de a arma ser do pai, e este n\u00e3o ter supostamente porte de arma de fogo, Bruno Sim\u00f5es (o progenitor), encontra-se detido desde o \u00faltimo Domingo, 30 de Agosto, na 3.\u00aa Esquadra, junto \u00e0 Cidadela Desportiva.<\/div>\n<div class=\"o9v6fnle cxmmr5t8 oygrvhab hcukyx3x c1et5uql\">J\u00e1 a m\u00e3e da pequena Charlene encontra-se traumatizada, at\u00e9 mesmo desnorteada pela perda da sua primog\u00e9nita. \u00c0 semelhan\u00e7a da m\u00e3e da v\u00edtima, ela tamb\u00e9m clama que seja feita a justi\u00e7a. Justi\u00e7a essa que, para ela, passa pela deten\u00e7\u00e3o do pai da menina, por entender que \u00e9 este o causador de toda essa desgra\u00e7a.<\/div>\n<div class=\"o9v6fnle cxmmr5t8 oygrvhab hcukyx3x c1et5uql\">De recordar que as autoridades j\u00e1 est\u00e3o no encal\u00e7o da situa\u00e7\u00e3o, tendo j\u00e1 sido aberto o procedimento criminal sob o n\u00famero de processo n.\u00ba 4816\/020 RAML.<\/div>\n","protected":false},"excerpt":{"rendered":"<p>O acidente aconteceu no distrito urbano do Rangel, quando Charlene, a v\u00edtima, de 10 anos, juntamente com a tia, Massala Jos\u00e9, tamb\u00e9m menor, sa\u00edram para comprar qui\u00e7\u00e2ngua em casa de uma vizinha. Nesta altura, segundo o jornal O Crime, a pr\u00f3pria tia da v\u00edtima, deparou-se com as amigas, entre elas a alegada autora do disparo, [&hellip;]<\/p>\n","protected":false},"author":1,"featured_media":2051,"comment_status":"open","ping_status":"open","sticky":false,"template":"","format":"standard","meta":{"footnotes":""},"categories":[15],"tags":[],"class_list":{"0":"post-2050","1":"post","2":"type-post","3":"status-publish","4":"format-standard","5":"has-post-thumbnail","7":"category-sociedade"},"amp_enabled":true,"_links":{"self":[{"href":"https:\/\/tvbelas.com\/tvbelas\/wp-json\/wp\/v2\/posts\/2050","targetHints":{"allow":["GET"]}}],"collection":[{"href":"https:\/\/tvbelas.com\/tvbelas\/wp-json\/wp\/v2\/posts"}],"about":[{"href":"https:\/\/tvbelas.com\/tvbelas\/wp-json\/wp\/v2\/types\/post"}],"author":[{"embeddable":true,"href":"https:\/\/tvbelas.com\/tvbelas\/wp-json\/wp\/v2\/users\/1"}],"replies":[{"embeddable":true,"href":"https:\/\/tvbelas.com\/tvbelas\/wp-json\/wp\/v2\/comments?post=2050"}],"version-history":[{"count":0,"href":"https:\/\/tvbelas.com\/tvbelas\/wp-json\/wp\/v2\/posts\/2050\/revisions"}],"wp:featuredmedia":[{"embeddable":true,"href":"https:\/\/tvbelas.com\/tvbelas\/wp-json\/"}],"wp:attachment":[{"href":"https:\/\/tvbelas.com\/tvbelas\/wp-json\/wp\/v2\/media?parent=2050"}],"wp:term":[{"taxonomy":"category","embeddable":true,"href":"https:\/\/tvbelas.com\/tvbelas\/wp-json\/wp\/v2\/categories?post=2050"},{"taxonomy":"post_tag","embeddable":true,"href":"https:\/\/tvbelas.com\/tvbelas\/wp-json\/wp\/v2\/tags?post=2050"}],"curies":[{"name":"wp","href":"https:\/\/api.w.org\/{rel}","templated":true}]}}