{"id":2053,"date":"2020-09-24T19:40:15","date_gmt":"2020-09-24T18:40:15","guid":{"rendered":"http:\/\/tvbelas.com\/tvbelas\/?p=2053"},"modified":"2020-09-24T19:40:15","modified_gmt":"2020-09-24T18:40:15","slug":"covid-19-mais-tres-angolanos-infectados-em-portugal","status":"publish","type":"post","link":"https:\/\/tvbelas.com\/tvbelas\/noticias\/saude\/covid-19-mais-tres-angolanos-infectados-em-portugal\/","title":{"rendered":"Covid-19: Mais tr\u00eas angolanos infectados em Portugal"},"content":{"rendered":"<p>De acordo com as autoridades sanit\u00e1rias portuguesas, destes, 48 continuam activos, entre eles 19 residentes, 23 n\u00e3o residentes e seis da Junta M\u00e9dica.<\/p>\n<p>H\u00e1 ainda o registo de 30 pessoas recuperadas e cinco \u00f3bitos.<\/p>\n<p>A Dire\u00e7\u00e3o-Geral da Sa\u00fade\u00a0 (DGS) anunciou o registo de um total de 1.931 mortes e 71.156 casos de Covid-19 em Portugal, desde o in\u00edcio da pandemia.<\/p>\n","protected":false},"excerpt":{"rendered":"<p>De acordo com as autoridades sanit\u00e1rias portuguesas, destes, 48 continuam activos, entre eles 19 residentes, 23 n\u00e3o residentes e seis da Junta M\u00e9dica. H\u00e1 ainda o registo de 30 pessoas recuperadas e cinco \u00f3bitos. A Dire\u00e7\u00e3o-Geral da Sa\u00fade\u00a0 (DGS) anunciou o registo de um total de 1.931 mortes e 71.156 casos de Covid-19 em Portugal, [&hellip;]<\/p>\n","protected":false},"author":1,"featured_media":2054,"comment_status":"open","ping_status":"open","sticky":false,"template":"","format":"standard","meta":{"footnotes":""},"categories":[14],"tags":[],"class_list":{"0":"post-2053","1":"post","2":"type-post","3":"status-publish","4":"format-standard","5":"has-post-thumbnail","7":"category-saude"},"amp_enabled":true,"_links":{"self":[{"href":"https:\/\/tvbelas.com\/tvbelas\/wp-json\/wp\/v2\/posts\/2053","targetHints":{"allow":["GET"]}}],"collection":[{"href":"https:\/\/tvbelas.com\/tvbelas\/wp-json\/wp\/v2\/posts"}],"about":[{"href":"https:\/\/tvbelas.com\/tvbelas\/wp-json\/wp\/v2\/types\/post"}],"author":[{"embeddable":true,"href":"https:\/\/tvbelas.com\/tvbelas\/wp-json\/wp\/v2\/users\/1"}],"replies":[{"embeddable":true,"href":"https:\/\/tvbelas.com\/tvbelas\/wp-json\/wp\/v2\/comments?post=2053"}],"version-history":[{"count":0,"href":"https:\/\/tvbelas.com\/tvbelas\/wp-json\/wp\/v2\/posts\/2053\/revisions"}],"wp:featuredmedia":[{"embeddable":true,"href":"https:\/\/tvbelas.com\/tvbelas\/wp-json\/"}],"wp:attachment":[{"href":"https:\/\/tvbelas.com\/tvbelas\/wp-json\/wp\/v2\/media?parent=2053"}],"wp:term":[{"taxonomy":"category","embeddable":true,"href":"https:\/\/tvbelas.com\/tvbelas\/wp-json\/wp\/v2\/categories?post=2053"},{"taxonomy":"post_tag","embeddable":true,"href":"https:\/\/tvbelas.com\/tvbelas\/wp-json\/wp\/v2\/tags?post=2053"}],"curies":[{"name":"wp","href":"https:\/\/api.w.org\/{rel}","templated":true}]}}