{"id":20673,"date":"2026-09-02T18:55:57","date_gmt":"2026-09-02T17:55:57","guid":{"rendered":"https:\/\/tvbelas.com\/tvbelas\/?p=20673"},"modified":"2026-09-02T18:55:58","modified_gmt":"2026-09-02T17:55:58","slug":"franklin-inacio-fora-da-selecao-nacional-de-futsal","status":"publish","type":"post","link":"https:\/\/tvbelas.com\/tvbelas\/noticias\/desporto\/franklin-inacio-fora-da-selecao-nacional-de-futsal\/","title":{"rendered":"FRANKLIN IN\u00c1CIO FORA DA SELE\u00c7\u00c3O NACIONAL DE FUTSAL"},"content":{"rendered":"\n<p class=\"wp-block-paragraph\">O Treinador, e a Federa\u00e7\u00e3o Angolana de Futebol n\u00e3o chegam a acordo sobre a condu\u00e7\u00e3o da sele\u00e7\u00e3o, a pouco mais de um m\u00eas do Campeonato Africano de Futsal.<\/p>\n\n\n\n<p class=\"wp-block-paragraph\">Franklin In\u00e1cio deixou, esta quarta-feira, 2 de setembro, o cargo de selecionador nacional de futsal de Angola, na sequ\u00eancia de diverg\u00eancias internas relacionadas com a condu\u00e7\u00e3o t\u00e9cnica da sele\u00e7\u00e3o.<\/p>\n\n\n\n<p class=\"wp-block-paragraph\">A decis\u00e3o foi tomada durante uma reuni\u00e3o realizada na manh\u00e3 desta quarta-feira, entre o treinador e respons\u00e1veis da Federa\u00e7\u00e3o Angolana de Futebol (FAF), depois de n\u00e3o ter sido alcan\u00e7ado um entendimento sobre a lideran\u00e7a e a gest\u00e3o da equipa nacional.<\/p>\n\n\n\n<p class=\"wp-block-paragraph\">Fontes pr\u00f3ximas do treinador e ligadas \u00e0 FAF apontam para diverg\u00eancias que j\u00e1 se prolongavam h\u00e1 algum tempo entre Franklin In\u00e1cio e Jo\u00e3o Gomes, diretor t\u00e9cnico de futsal da Federa\u00e7\u00e3o Angolana de Futebol. Segundo as mesmas fontes, o diferendo ter\u00e1 sido determinante para a sa\u00edda do selecionador, com a estrutura da FAF a apoiar a continuidade de Jo\u00e3o Gomes na condu\u00e7\u00e3o da \u00e1rea t\u00e9cnica do futsal.<\/p>\n\n\n\n<p class=\"wp-block-paragraph\">Franklin In\u00e1cio deixa o cargo depois de conquistar o Campeonato Nacional S\u00e9nior de Futsal, disputado no Huambo, e de conduzir a sele\u00e7\u00e3o nacional \u00e0 qualifica\u00e7\u00e3o para o Campeonato Africano de Futsal de 2026.<\/p>\n\n\n\n<p class=\"wp-block-paragraph\">A TV Belas teve acesso a uma mensagem enviada pelo treinador no grupo de WhatsApp dos jogadores do RNT, na qual comunica a sua sa\u00edda do comando da sele\u00e7\u00e3o.<\/p>\n\n\n\n<p class=\"wp-block-paragraph\">\u201cBoa noite, minha tropa. Como j\u00e1 era praticamente sabido, j\u00e1 n\u00e3o sou o selecionador nacional. Estivemos em reuni\u00e3o no per\u00edodo da manh\u00e3 e, infelizmente, foi essa a decis\u00e3o da FAF. Pe\u00e7o a todos que forem convocados para dignificarem o nome do nosso clube.\u201d<\/p>\n\n\n\n<p class=\"wp-block-paragraph\">Com a sa\u00edda de Franklin In\u00e1cio, a sele\u00e7\u00e3o nacional de futsal de Angola encontra-se, neste momento, sem selecionador, a pouco mais de um m\u00eas da realiza\u00e7\u00e3o do Campeonato Africano de Futsal de 2026.<\/p>\n\n\n\n<p class=\"wp-block-paragraph\">A Federa\u00e7\u00e3o Angolana de Futebol ainda n\u00e3o anunciou oficialmente o nome do substituto de Franklin In\u00e1cio.<\/p>\n\n\n\n<figure class=\"wp-block-image size-full\"><img loading=\"lazy\" decoding=\"async\" width=\"678\" height=\"452\" src=\"https:\/\/tvbelas.com\/tvbelas\/wp-content\/uploads\/2026\/09\/images-5.jpg\" alt=\"\" class=\"wp-image-20674\" srcset=\"https:\/\/tvbelas.com\/tvbelas\/wp-content\/uploads\/2026\/09\/images-5.jpg 678w, https:\/\/tvbelas.com\/tvbelas\/wp-content\/uploads\/2026\/09\/images-5-300x200.jpg 300w, https:\/\/tvbelas.com\/tvbelas\/wp-content\/uploads\/2026\/09\/images-5-150x100.jpg 150w, https:\/\/tvbelas.com\/tvbelas\/wp-content\/uploads\/2026\/09\/images-5-630x420.jpg 630w\" sizes=\"auto, (max-width: 678px) 100vw, 678px\" \/><\/figure>\n","protected":false},"excerpt":{"rendered":"<p>O Treinador, e a Federa\u00e7\u00e3o Angolana de Futebol n\u00e3o chegam a acordo sobre a condu\u00e7\u00e3o da sele\u00e7\u00e3o, a pouco mais de um m\u00eas do Campeonato Africano de Futsal. Franklin In\u00e1cio deixou, esta quarta-feira, 2 de setembro, o cargo de selecionador nacional de futsal de Angola, na sequ\u00eancia de diverg\u00eancias internas relacionadas com a condu\u00e7\u00e3o t\u00e9cnica [&hellip;]<\/p>\n","protected":false},"author":1,"featured_media":20674,"comment_status":"open","ping_status":"closed","sticky":false,"template":"","format":"standard","meta":{"footnotes":""},"categories":[19],"tags":[],"class_list":["post-20673","post","type-post","status-publish","format-standard","has-post-thumbnail","category-desporto"],"amp_enabled":true,"_links":{"self":[{"href":"https:\/\/tvbelas.com\/tvbelas\/wp-json\/wp\/v2\/posts\/20673","targetHints":{"allow":["GET"]}}],"collection":[{"href":"https:\/\/tvbelas.com\/tvbelas\/wp-json\/wp\/v2\/posts"}],"about":[{"href":"https:\/\/tvbelas.com\/tvbelas\/wp-json\/wp\/v2\/types\/post"}],"author":[{"embeddable":true,"href":"https:\/\/tvbelas.com\/tvbelas\/wp-json\/wp\/v2\/users\/1"}],"replies":[{"embeddable":true,"href":"https:\/\/tvbelas.com\/tvbelas\/wp-json\/wp\/v2\/comments?post=20673"}],"version-history":[{"count":1,"href":"https:\/\/tvbelas.com\/tvbelas\/wp-json\/wp\/v2\/posts\/20673\/revisions"}],"predecessor-version":[{"id":20675,"href":"https:\/\/tvbelas.com\/tvbelas\/wp-json\/wp\/v2\/posts\/20673\/revisions\/20675"}],"wp:featuredmedia":[{"embeddable":true,"href":"https:\/\/tvbelas.com\/tvbelas\/wp-json\/wp\/v2\/media\/20674"}],"wp:attachment":[{"href":"https:\/\/tvbelas.com\/tvbelas\/wp-json\/wp\/v2\/media?parent=20673"}],"wp:term":[{"taxonomy":"category","embeddable":true,"href":"https:\/\/tvbelas.com\/tvbelas\/wp-json\/wp\/v2\/categories?post=20673"},{"taxonomy":"post_tag","embeddable":true,"href":"https:\/\/tvbelas.com\/tvbelas\/wp-json\/wp\/v2\/tags?post=20673"}],"curies":[{"name":"wp","href":"https:\/\/api.w.org\/{rel}","templated":true}]}}