{"id":20677,"date":"2026-09-03T07:47:44","date_gmt":"2026-09-03T06:47:44","guid":{"rendered":"https:\/\/tvbelas.com\/tvbelas\/?p=20677"},"modified":"2026-09-03T07:47:45","modified_gmt":"2026-09-03T06:47:45","slug":"faf-confirma-saida-de-franklin-inacio-do-comando-da-seleccao-nacional-de-futsa","status":"publish","type":"post","link":"https:\/\/tvbelas.com\/tvbelas\/noticias\/desporto\/faf-confirma-saida-de-franklin-inacio-do-comando-da-seleccao-nacional-de-futsa\/","title":{"rendered":"FAF CONFIRMA SA\u00cdDA DE FRANKLIN IN\u00c1CIO DO COMANDO DA SELEC\u00c7\u00c3O NACIONAL DE FUTSA"},"content":{"rendered":"\n<p class=\"wp-block-paragraph\">A Federa\u00e7\u00e3o Angolana de Futebol (FAF) confirmou, atrav\u00e9s de um comunicado publicado na sua p\u00e1gina oficial, a sa\u00edda de Franklin In\u00e1cio, conhecido no meio desportivo como \u201cKim Kim\u201d, do cargo de Seleccionador Nacional de Futsal.<\/p>\n\n\n\n<p class=\"wp-block-paragraph\">A decis\u00e3o foi tomada nesta quarta-feira, 2 de Setembro de 2026, na sequ\u00eancia de uma rescis\u00e3o por m\u00fatuo acordo entre a FAF e o t\u00e9cnico.<\/p>\n\n\n\n<p class=\"wp-block-paragraph\">De acordo com o \u00f3rg\u00e3o reitor do futebol nacional, a medida enquadra-se na estrat\u00e9gia de contar com um treinador em regime de exclusividade, com independ\u00eancia e total disponibilidade para assumir os compromissos e desafios da Selec\u00e7\u00e3o Nacional de Futsal.<\/p>\n\n\n\n<p class=\"wp-block-paragraph\">No comunicado, a FAF agradece a Franklin In\u00e1cio pelo empenho, dedica\u00e7\u00e3o, profissionalismo e contributo prestado durante o per\u00edodo em que esteve \u00e0 frente da selec\u00e7\u00e3o nacional.<\/p>\n\n\n\n<p class=\"wp-block-paragraph\">A Federa\u00e7\u00e3o deseja igualmente ao t\u00e9cnico os maiores \u00eaxitos e felicidades na sua carreira profissional.<\/p>\n\n\n\n<p class=\"wp-block-paragraph\">A FAF informa ainda que, oportunamente, ser\u00e1 apresentada a nova equipa t\u00e9cnica da Selec\u00e7\u00e3o Nacional de Futsal.<\/p>\n\n\n\n<p class=\"wp-block-paragraph\">A sa\u00edda de Franklin In\u00e1cio acontece numa altura em que a selec\u00e7\u00e3o angolana se prepara para os pr\u00f3ximos compromissos internacionais, ficando agora a expectativa em torno da escolha do novo seleccionador nacional.<\/p>\n\n\n\n<p class=\"wp-block-paragraph\">Luanda, 2 de Setembro de 2026.<\/p>\n","protected":false},"excerpt":{"rendered":"<p>A Federa\u00e7\u00e3o Angolana de Futebol (FAF) confirmou, atrav\u00e9s de um comunicado publicado na sua p\u00e1gina oficial, a sa\u00edda de Franklin In\u00e1cio, conhecido no meio desportivo como \u201cKim Kim\u201d, do cargo de Seleccionador Nacional de Futsal. A decis\u00e3o foi tomada nesta quarta-feira, 2 de Setembro de 2026, na sequ\u00eancia de uma rescis\u00e3o por m\u00fatuo acordo entre [&hellip;]<\/p>\n","protected":false},"author":1,"featured_media":20678,"comment_status":"open","ping_status":"closed","sticky":false,"template":"","format":"standard","meta":{"footnotes":""},"categories":[19],"tags":[],"class_list":["post-20677","post","type-post","status-publish","format-standard","has-post-thumbnail","category-desporto"],"amp_enabled":true,"_links":{"self":[{"href":"https:\/\/tvbelas.com\/tvbelas\/wp-json\/wp\/v2\/posts\/20677","targetHints":{"allow":["GET"]}}],"collection":[{"href":"https:\/\/tvbelas.com\/tvbelas\/wp-json\/wp\/v2\/posts"}],"about":[{"href":"https:\/\/tvbelas.com\/tvbelas\/wp-json\/wp\/v2\/types\/post"}],"author":[{"embeddable":true,"href":"https:\/\/tvbelas.com\/tvbelas\/wp-json\/wp\/v2\/users\/1"}],"replies":[{"embeddable":true,"href":"https:\/\/tvbelas.com\/tvbelas\/wp-json\/wp\/v2\/comments?post=20677"}],"version-history":[{"count":1,"href":"https:\/\/tvbelas.com\/tvbelas\/wp-json\/wp\/v2\/posts\/20677\/revisions"}],"predecessor-version":[{"id":20679,"href":"https:\/\/tvbelas.com\/tvbelas\/wp-json\/wp\/v2\/posts\/20677\/revisions\/20679"}],"wp:featuredmedia":[{"embeddable":true,"href":"https:\/\/tvbelas.com\/tvbelas\/wp-json\/wp\/v2\/media\/20678"}],"wp:attachment":[{"href":"https:\/\/tvbelas.com\/tvbelas\/wp-json\/wp\/v2\/media?parent=20677"}],"wp:term":[{"taxonomy":"category","embeddable":true,"href":"https:\/\/tvbelas.com\/tvbelas\/wp-json\/wp\/v2\/categories?post=20677"},{"taxonomy":"post_tag","embeddable":true,"href":"https:\/\/tvbelas.com\/tvbelas\/wp-json\/wp\/v2\/tags?post=20677"}],"curies":[{"name":"wp","href":"https:\/\/api.w.org\/{rel}","templated":true}]}}