{"id":2171,"date":"2020-09-30T15:26:48","date_gmt":"2020-09-30T14:26:48","guid":{"rendered":"http:\/\/tvbelas.com\/tvbelas\/?p=2171"},"modified":"2020-09-30T15:26:48","modified_gmt":"2020-09-30T14:26:48","slug":"jovem-com-doenca-nao-identificada-clama-por-ajuda-em-luanda","status":"publish","type":"post","link":"https:\/\/tvbelas.com\/tvbelas\/noticias\/sociedade\/jovem-com-doenca-nao-identificada-clama-por-ajuda-em-luanda\/","title":{"rendered":"Jovem com doen\u00e7a n\u00e3o identificada clama por ajuda em Luanda"},"content":{"rendered":"<div class=\"o9v6fnle cxmmr5t8 oygrvhab hcukyx3x c1et5uql\">Olga Manuel de 22 anos de idade residente no bairro Kimbango munic\u00edpio do Kilamba Kiaxi, \u00e9 portadora de uma doen\u00e7a n\u00e3o identificada desde a sua nascen\u00e7a.<\/div>\n<div><\/div>\n<div class=\"o9v6fnle cxmmr5t8 oygrvhab hcukyx3x c1et5uql\">Lu\u00edsa Manuel, m\u00e3e de Olga, diz que os problemas de Sa\u00fade da sua filha surgiu desde a nascen\u00e7a ap\u00f3s o parto na maternidade do Av\u00f3 Kumbi, e os profissionais infelizmente n\u00e3o conseguiram resolver o problema de Olga.<\/div>\n<div class=\"o9v6fnle cxmmr5t8 oygrvhab hcukyx3x c1et5uql\">No entanto, encaminharam-na para o hospital Maria Pia mas sem sucesso.<\/div>\n<div><\/div>\n<div class=\"o9v6fnle cxmmr5t8 oygrvhab hcukyx3x c1et5uql\">A pastora Maleko Helena da igreja MPEC que acompanha desde o in\u00edcio, alega j\u00e1 terem recorrido em v\u00e1rias institui\u00e7\u00f5es de ajuda mas n\u00e3o houve resposta para este caso.<\/div>\n<div class=\"o9v6fnle cxmmr5t8 oygrvhab hcukyx3x c1et5uql\">A fam\u00edlia de Olga clama por uma cirurgia urgentemente.<\/div>\n<div><\/div>\n<div class=\"o9v6fnle cxmmr5t8 oygrvhab hcukyx3x c1et5uql\">Reportagem: Isidro Domingos<\/div>\n","protected":false},"excerpt":{"rendered":"<p>Olga Manuel de 22 anos de idade residente no bairro Kimbango munic\u00edpio do Kilamba Kiaxi, \u00e9 portadora de uma doen\u00e7a n\u00e3o identificada desde a sua nascen\u00e7a. Lu\u00edsa Manuel, m\u00e3e de Olga, diz que os problemas de Sa\u00fade da sua filha surgiu desde a nascen\u00e7a ap\u00f3s o parto na maternidade do Av\u00f3 Kumbi, e os profissionais [&hellip;]<\/p>\n","protected":false},"author":1,"featured_media":2172,"comment_status":"open","ping_status":"open","sticky":false,"template":"","format":"standard","meta":{"footnotes":""},"categories":[15],"tags":[211],"class_list":{"0":"post-2171","1":"post","2":"type-post","3":"status-publish","4":"format-standard","5":"has-post-thumbnail","7":"category-sociedade","8":"tag-saude"},"amp_enabled":true,"_links":{"self":[{"href":"https:\/\/tvbelas.com\/tvbelas\/wp-json\/wp\/v2\/posts\/2171","targetHints":{"allow":["GET"]}}],"collection":[{"href":"https:\/\/tvbelas.com\/tvbelas\/wp-json\/wp\/v2\/posts"}],"about":[{"href":"https:\/\/tvbelas.com\/tvbelas\/wp-json\/wp\/v2\/types\/post"}],"author":[{"embeddable":true,"href":"https:\/\/tvbelas.com\/tvbelas\/wp-json\/wp\/v2\/users\/1"}],"replies":[{"embeddable":true,"href":"https:\/\/tvbelas.com\/tvbelas\/wp-json\/wp\/v2\/comments?post=2171"}],"version-history":[{"count":0,"href":"https:\/\/tvbelas.com\/tvbelas\/wp-json\/wp\/v2\/posts\/2171\/revisions"}],"wp:featuredmedia":[{"embeddable":true,"href":"https:\/\/tvbelas.com\/tvbelas\/wp-json\/"}],"wp:attachment":[{"href":"https:\/\/tvbelas.com\/tvbelas\/wp-json\/wp\/v2\/media?parent=2171"}],"wp:term":[{"taxonomy":"category","embeddable":true,"href":"https:\/\/tvbelas.com\/tvbelas\/wp-json\/wp\/v2\/categories?post=2171"},{"taxonomy":"post_tag","embeddable":true,"href":"https:\/\/tvbelas.com\/tvbelas\/wp-json\/wp\/v2\/tags?post=2171"}],"curies":[{"name":"wp","href":"https:\/\/api.w.org\/{rel}","templated":true}]}}