{"id":2240,"date":"2020-10-06T21:55:26","date_gmt":"2020-10-06T20:55:26","guid":{"rendered":"http:\/\/tvbelas.com\/tvbelas\/?p=2240"},"modified":"2020-10-06T21:55:26","modified_gmt":"2020-10-06T20:55:26","slug":"oms-ha-esperanca-que-ate-ao-final-do-ano-possamos-ter-uma-vacina","status":"publish","type":"post","link":"https:\/\/tvbelas.com\/tvbelas\/noticias\/saude\/oms-ha-esperanca-que-ate-ao-final-do-ano-possamos-ter-uma-vacina\/","title":{"rendered":"OMS: &#8220;H\u00e1 esperan\u00e7a que at\u00e9 ao final do ano possamos ter uma vacina&#8221;"},"content":{"rendered":"<p><span class=\"nanospell-typo\">O diretor<\/span>-geral da Organiza\u00e7\u00e3o das Na\u00e7\u00f5es Unidas (<span class=\"nanospell-typo\">OMS<\/span>)\u00a0deu indica\u00e7\u00e3o, esta ter\u00e7a-feira, de que &#8220;h\u00e1 esperan\u00e7a&#8221; no surgimento de uma vacina contra a\u00a0<span class=\"nanospell-typo\">Covid<\/span>-19 at\u00e9 ao final deste ano&#8221;, ainda que n\u00e3o tenha prestado mais esclarecimentos.<\/p>\n<p class=\"Paragraph-paragraph-2Bgue ArticleBody-para-TD_9x\">&#8220;Vamos precisar de vacina e h\u00e1 esperan\u00e7a que, at\u00e9 ao final deste ano, possamos ter uma vacina&#8221;, disse\u00a0<span class=\"nanospell-typo\">Tedros<\/span>\u00a0<span class=\"nanospell-typo\">Adhanom<\/span>\u00a0<span class=\"nanospell-typo\">Ghebreyesus<\/span>, no final de uma reuni\u00e3o com\u00a0a administra\u00e7\u00e3o da organiza\u00e7\u00e3o de Sa\u00fade das Na\u00e7\u00f5es Unidas,\u00a0<a href=\"https:\/\/www.reuters.com\/article\/us-health-coronavirus-who-board\/covid-19-vaccine-may-be-ready-by-year-end-whos-tedros-idUSKBN26R2BZ\" target=\"_blank\" rel=\"noopener noreferrer\">segundo cita a Reuters<\/a>.<\/p>\n<p class=\"Paragraph-paragraph-2Bgue ArticleBody-para-TD_9x\">Sublinhe-se que existem nove vacinas em fase experimental no\u00a0<span class=\"nanospell-typo\">projeto<\/span>\u00a0<span class=\"nanospell-typo\">COVAX<\/span>, patrocinado pela\u00a0<span class=\"nanospell-typo\">OMS<\/span>, que pretende distribuir 2 mil milh\u00f5es de doses at\u00e9 ao final de 2021.\u00a0A\u00a0farmac\u00eautica\u00a0<span class=\"nanospell-typo\">AstraZeneca<\/span>\u00a0e o cons\u00f3rcio Pfizer\u00a0<span class=\"nanospell-typo\">BioNTech<\/span>\u00a0j\u00e1 anunciaram grandes progressos.<\/p>\n<p class=\"Paragraph-paragraph-2Bgue ArticleBody-para-TD_9x\">A\u00a0<span class=\"nanospell-typo\">OMS<\/span>\u00a0pediu tamb\u00e9m hoje aos governos europeus que combatam o cansa\u00e7o crescente das pessoas diante da\u00a0<span class=\"nanospell-typo\">pandemia<\/span>\u00a0do novo\u00a0<span class=\"nanospell-typo\">coronav\u00edrus<\/span>\u00a0e das medidas de restri\u00e7\u00e3o impostas, que nalguns casos atinge 60% da popula\u00e7\u00e3o.<\/p>\n<p class=\"Paragraph-paragraph-2Bgue ArticleBody-para-TD_9x\">&#8220;Com base nos dados agregados na pesquisa dos pa\u00edses desta regi\u00e3o, podemos notar, sem surpresa, que o cansa\u00e7o dos entrevistados est\u00e1 a aumentar (&#8230;), estima-se agora que tenha atingido mais de 60% nalguns casos&#8221;, disse o\u00a0<span class=\"nanospell-typo\">diretor<\/span>\u00a0regional da\u00a0<span class=\"nanospell-typo\">OMS<\/span>\u00a0para a Europa, Hans\u00a0<span class=\"nanospell-typo\">Kluge<\/span>, numa nota em que sublinha que as popula\u00e7\u00f5es fizeram &#8220;imensos sacrif\u00edcios&#8221; durante oito meses e desde que foram\u00a0<span class=\"nanospell-typo\">detetados<\/span>\u00a0os primeiros casos de\u00a0<span class=\"nanospell-typo\">Covid<\/span>-19.<\/p>\n<p class=\"Paragraph-paragraph-2Bgue ArticleBody-para-TD_9x\">Pelo menos 35.537.050 pessoas foram\u00a0<span class=\"nanospell-typo\">infetadas<\/span>\u00a0em todo o mundo com o novo\u00a0<span class=\"nanospell-typo\">coronav\u00edrus<\/span>\u00a0desde que este foi descoberto em\u00a0<span class=\"nanospell-typo\">dezembro<\/span>\u00a0na China,\u00a0indicou hoje\u00a0o balan\u00e7o di\u00e1rio divulgado pela ag\u00eancia France-<span class=\"nanospell-typo\">Presse<\/span>\u00a0(<span class=\"nanospell-typo\">AFP<\/span>). O n\u00famero de mortes associadas \u00e0 doen\u00e7a\u00a0<span class=\"nanospell-typo\">Covid<\/span>-19 no mesmo per\u00edodo foi de 1.045.097 e pelo menos 24.571.900 pessoas foram dadas como curadas.<\/p>\n","protected":false},"excerpt":{"rendered":"<p>O diretor-geral da Organiza\u00e7\u00e3o das Na\u00e7\u00f5es Unidas (OMS)\u00a0deu indica\u00e7\u00e3o, esta ter\u00e7a-feira, de que &#8220;h\u00e1 esperan\u00e7a&#8221; no surgimento de uma vacina contra a\u00a0Covid-19 at\u00e9 ao final deste ano&#8221;, ainda que n\u00e3o tenha prestado mais esclarecimentos. &#8220;Vamos precisar de vacina e h\u00e1 esperan\u00e7a que, at\u00e9 ao final deste ano, possamos ter uma vacina&#8221;, disse\u00a0Tedros\u00a0Adhanom\u00a0Ghebreyesus, no final de [&hellip;]<\/p>\n","protected":false},"author":1,"featured_media":2241,"comment_status":"open","ping_status":"open","sticky":false,"template":"","format":"standard","meta":{"footnotes":""},"categories":[14],"tags":[],"class_list":{"0":"post-2240","1":"post","2":"type-post","3":"status-publish","4":"format-standard","5":"has-post-thumbnail","7":"category-saude"},"amp_enabled":true,"_links":{"self":[{"href":"https:\/\/tvbelas.com\/tvbelas\/wp-json\/wp\/v2\/posts\/2240","targetHints":{"allow":["GET"]}}],"collection":[{"href":"https:\/\/tvbelas.com\/tvbelas\/wp-json\/wp\/v2\/posts"}],"about":[{"href":"https:\/\/tvbelas.com\/tvbelas\/wp-json\/wp\/v2\/types\/post"}],"author":[{"embeddable":true,"href":"https:\/\/tvbelas.com\/tvbelas\/wp-json\/wp\/v2\/users\/1"}],"replies":[{"embeddable":true,"href":"https:\/\/tvbelas.com\/tvbelas\/wp-json\/wp\/v2\/comments?post=2240"}],"version-history":[{"count":0,"href":"https:\/\/tvbelas.com\/tvbelas\/wp-json\/wp\/v2\/posts\/2240\/revisions"}],"wp:featuredmedia":[{"embeddable":true,"href":"https:\/\/tvbelas.com\/tvbelas\/wp-json\/"}],"wp:attachment":[{"href":"https:\/\/tvbelas.com\/tvbelas\/wp-json\/wp\/v2\/media?parent=2240"}],"wp:term":[{"taxonomy":"category","embeddable":true,"href":"https:\/\/tvbelas.com\/tvbelas\/wp-json\/wp\/v2\/categories?post=2240"},{"taxonomy":"post_tag","embeddable":true,"href":"https:\/\/tvbelas.com\/tvbelas\/wp-json\/wp\/v2\/tags?post=2240"}],"curies":[{"name":"wp","href":"https:\/\/api.w.org\/{rel}","templated":true}]}}