{"id":2672,"date":"2020-12-01T11:44:22","date_gmt":"2020-12-01T10:44:22","guid":{"rendered":"http:\/\/tvbelas.com\/tvbelas\/?p=2672"},"modified":"2020-12-01T11:44:22","modified_gmt":"2020-12-01T10:44:22","slug":"facebook-compra-a-empresa-kustomer-por-837-milhoes-de-euros","status":"publish","type":"post","link":"https:\/\/tvbelas.com\/tvbelas\/noticias\/tecnologia\/facebook-compra-a-empresa-kustomer-por-837-milhoes-de-euros\/","title":{"rendered":"Facebook compra a empresa Kustomer por 837 milh\u00f5es de euros"},"content":{"rendered":"<p><span class=\"news_capital_letter\">N<\/span>uma publica\u00e7\u00e3o no seu\u00a0<span class=\"nanospell-typo\">blog<\/span>\u00a0oficial, a empresa liderada por Mark\u00a0<span class=\"nanospell-typo\">Zuckerberg<\/span>\u00a0disse que o\u00a0<span class=\"nanospell-typo\">objetivo<\/span>\u00a0da compra \u00e9 obter um\u00a0<span class=\"nanospell-typo\">\u00b4software<\/span>` que &#8220;ofere\u00e7a \u00e0s empresas acesso \u00e0s melhores ferramentas para prestar um excelente servi\u00e7o e apoio&#8221; aos clientes.<\/p>\n<p><span class=\"nanospell-typo\">Sediada<\/span>\u00a0em Nova Iorque e fundada em 2015, um dos principais pontos fortes de\u00a0<span class=\"nanospell-typo\">Kustomer<\/span>\u00a0\u00e9 agrupar as conversas dos clientes a partir do telefone, e-mail ou mensagens de texto,\u00a0<span class=\"nanospell-typo\">WhatsApp<\/span>\u00a0e Messenger, facilitando o trabalho \u00e0s empresas.<\/p>\n<p>Segundo a informa\u00e7\u00e3o publicada pelo\u00a0<span class=\"nanospell-typo\">Facebook<\/span>, mais de 175 milh\u00f5es de pessoas em todo o mundo t\u00eam diariamente contactos profissionais atrav\u00e9s da\u00a0<span class=\"nanospell-typo\">WhatsApp<\/span>, sua propriedade, uma das raz\u00f5es para a decis\u00e3o de comprar a\u00a0<span class=\"nanospell-typo\">Kustomer<\/span>.<\/p>\n<p>A ideia da rede social \u00e9 oferecer os servi\u00e7os de gest\u00e3o de clientes da\u00a0<span class=\"nanospell-typo\">Kustomer<\/span>\u00a0aos seus anunciantes, para facilitar e melhorar a comunica\u00e7\u00e3o entre os anunciantes e os seus clientes, o que, por sua vez, pode levar a um aumento dos investimentos publicit\u00e1rios no\u00a0<span class=\"nanospell-typo\">Facebook<\/span>.<\/p>\n<p>A ind\u00fastria de gest\u00e3o de rela\u00e7\u00e3o com clientes (<span class=\"nanospell-typo\">CRM<\/span>, na sigla em ingl\u00eas) cresceu exponencialmente desde o in\u00edcio da\u00a0<span class=\"nanospell-typo\">pandemia<\/span>\u00a0de\u00a0<span class=\"nanospell-typo\">covid<\/span>-19 e \u00e9\u00a0<span class=\"nanospell-typo\">atualmente<\/span>\u00a0liderada pela\u00a0<span class=\"nanospell-typo\">Salesforce<\/span>, a empresa \u00e0 qual os fundadores de\u00a0<span class=\"nanospell-typo\">Kustomer<\/span>\u00a0tiveram liga\u00e7\u00e3o.<\/p>\n<p>O\u00a0<span class=\"nanospell-typo\">Facebook<\/span>\u00a0est\u00e1 tamb\u00e9m a viver um bom momento em 2020 e no final de\u00a0<span class=\"nanospell-typo\">outubro<\/span>\u00a0anunciou ganhos de 17,927 milh\u00f5es de d\u00f3lares entre\u00a0<span class=\"nanospell-typo\">janeiro<\/span>\u00a0e\u00a0<span class=\"nanospell-typo\">setembro<\/span>, 61% mais do que os 11,136 do ano passado, gra\u00e7as ao aumento da publicidade na Internet.<\/p>\n<p>Nas suas previs\u00f5es para os pr\u00f3ximos\u00a0<span class=\"nanospell-typo\">trimestres<\/span>, a empresa admitiu que enfrenta 2021 com &#8220;uma incerteza significativa&#8221;, uma vez que se ao longo do pr\u00f3ximo ano os pa\u00edses conseguirem controlar a\u00a0<span class=\"nanospell-typo\">pandemia<\/span>\u00a0e levantar as restri\u00e7\u00f5es, a\u00a0<span class=\"nanospell-typo\">atual<\/span>\u00a0tend\u00eancia ascendente no com\u00e9rcio e na publicidade\u00a0<span class=\"nanospell-typo\">\u00b4online<\/span>` poder\u00e1 sofrer cortes.<\/p>\n<div class=\"hidden-xs hidden-sm hidden-md\">\n<div class=\"margin-bottom-20\">\n<div id=\"InContentPos1\" data-pub-siteid=\"NEWADVENTURES_Noticias_ao_Minuto\" data-pub-pageid=\"ARTICLE_Tech\" data-pub-formatid=\"InContent\" data-pub-lazy=\"false\" data-pub-target=\"category=tech;slug=facebook-compra-a-empresa-kustomer-por-837-milhoes-de-euros;slugid=1638239\" data-pub=\"appNexus\" data-pub-counted=\"yes\" data-pub-processed=\"yes\" data-pub-rendered=\"yes\">\n<div id=\"div_utif_InContentPos1\"><\/div>\n<\/div>\n<\/div>\n<\/div>\n","protected":false},"excerpt":{"rendered":"<p>Numa publica\u00e7\u00e3o no seu\u00a0blog\u00a0oficial, a empresa liderada por Mark\u00a0Zuckerberg\u00a0disse que o\u00a0objetivo\u00a0da compra \u00e9 obter um\u00a0\u00b4software` que &#8220;ofere\u00e7a \u00e0s empresas acesso \u00e0s melhores ferramentas para prestar um excelente servi\u00e7o e apoio&#8221; aos clientes. Sediada\u00a0em Nova Iorque e fundada em 2015, um dos principais pontos fortes de\u00a0Kustomer\u00a0\u00e9 agrupar as conversas dos clientes a partir do telefone, e-mail [&hellip;]<\/p>\n","protected":false},"author":1,"featured_media":2320,"comment_status":"open","ping_status":"open","sticky":false,"template":"","format":"standard","meta":{"footnotes":""},"categories":[16],"tags":[],"class_list":{"0":"post-2672","1":"post","2":"type-post","3":"status-publish","4":"format-standard","5":"has-post-thumbnail","7":"category-tecnologia"},"amp_enabled":true,"_links":{"self":[{"href":"https:\/\/tvbelas.com\/tvbelas\/wp-json\/wp\/v2\/posts\/2672","targetHints":{"allow":["GET"]}}],"collection":[{"href":"https:\/\/tvbelas.com\/tvbelas\/wp-json\/wp\/v2\/posts"}],"about":[{"href":"https:\/\/tvbelas.com\/tvbelas\/wp-json\/wp\/v2\/types\/post"}],"author":[{"embeddable":true,"href":"https:\/\/tvbelas.com\/tvbelas\/wp-json\/wp\/v2\/users\/1"}],"replies":[{"embeddable":true,"href":"https:\/\/tvbelas.com\/tvbelas\/wp-json\/wp\/v2\/comments?post=2672"}],"version-history":[{"count":0,"href":"https:\/\/tvbelas.com\/tvbelas\/wp-json\/wp\/v2\/posts\/2672\/revisions"}],"wp:featuredmedia":[{"embeddable":true,"href":"https:\/\/tvbelas.com\/tvbelas\/wp-json\/"}],"wp:attachment":[{"href":"https:\/\/tvbelas.com\/tvbelas\/wp-json\/wp\/v2\/media?parent=2672"}],"wp:term":[{"taxonomy":"category","embeddable":true,"href":"https:\/\/tvbelas.com\/tvbelas\/wp-json\/wp\/v2\/categories?post=2672"},{"taxonomy":"post_tag","embeddable":true,"href":"https:\/\/tvbelas.com\/tvbelas\/wp-json\/wp\/v2\/tags?post=2672"}],"curies":[{"name":"wp","href":"https:\/\/api.w.org\/{rel}","templated":true}]}}