{"id":2679,"date":"2020-12-01T11:50:56","date_gmt":"2020-12-01T10:50:56","guid":{"rendered":"http:\/\/tvbelas.com\/tvbelas\/?p=2679"},"modified":"2020-12-01T11:50:56","modified_gmt":"2020-12-01T10:50:56","slug":"foi-ha-sete-anos-que-paul-walker-morreu-a-homenagem-de-vin-diesel","status":"publish","type":"post","link":"https:\/\/tvbelas.com\/tvbelas\/programa\/entretenimento\/foi-ha-sete-anos-que-paul-walker-morreu-a-homenagem-de-vin-diesel\/","title":{"rendered":"Foi h\u00e1 sete anos que Paul Walker morreu. A homenagem de Vin Diesel"},"content":{"rendered":"<p><span class=\"news_capital_letter\">E<\/span>sta segunda-feira, dia 30,\u00a0<span class=\"nanospell-typo\">Vin<\/span>\u00a0Diesel usou a sua conta de Instagram para fazer uma homenagem a Paul Walker, um dos seus grandes amigos e\u00a0<span class=\"nanospell-typo\">ator<\/span>\u00a0com quem contracenou nos filmes de &#8216;Velocidade Furiosa&#8217;.<\/p>\n<p><span class=\"news_bold\">&#8220;Sete anos&#8230; n\u00e3o passa um dia&#8230; todo o amor, sempre&#8221;<\/span>, afirmou o\u00a0<span class=\"nanospell-typo\">ator<\/span>\u00a0na legenda de uma publica\u00e7\u00e3o que fez nesta plataforma social.<\/p>\n<div class=\"teads-adCall\"><\/div>\n<p>Foi precisamente h\u00e1 sete anos que Paul Walker morreu num tr\u00e1gico acidente de carro na Calif\u00f3rnia, Estados Unidos.<\/p>\n<p>Recorde na galeria alguns momentos marcantes\u00a0da amizade do\u00a0<span class=\"nanospell-typo\">ator<\/span>\u00a0com\u00a0<span class=\"nanospell-typo\">Vin<\/span>\u00a0Diesel.<\/p>\n<p>&nbsp;<\/p>\n<p><iframe id=\"instagram-embed-0\" class=\"instagram-media instagram-media-rendered\" src=\"https:\/\/www.instagram.com\/p\/CIO0RUesL8M\/embed\/captioned\/?cr=1&amp;v=13&amp;wp=744&amp;rd=https%3A%2F%2Fwww.noticiasaominuto.com&amp;rp=%2Ffama%2F1638297%2Ffoi-ha-sete-anos-que-paul-walker-morreu-a-homenagem-de-vin-diesel#%7B%22ci%22%3A0%2C%22os%22%3A1869.8350000195205%2C%22ls%22%3A1619.9149999883957%2C%22le%22%3A1688.4900000295602%7D\" height=\"1072\" frameborder=\"0\" scrolling=\"no\" allowfullscreen=\"allowfullscreen\" data-instgrm-payload-id=\"instagram-media-payload-0\" data-mce-fragment=\"1\"><\/iframe><\/p>\n","protected":false},"excerpt":{"rendered":"<p>Esta segunda-feira, dia 30,\u00a0Vin\u00a0Diesel usou a sua conta de Instagram para fazer uma homenagem a Paul Walker, um dos seus grandes amigos e\u00a0ator\u00a0com quem contracenou nos filmes de &#8216;Velocidade Furiosa&#8217;. &#8220;Sete anos&#8230; n\u00e3o passa um dia&#8230; todo o amor, sempre&#8221;, afirmou o\u00a0ator\u00a0na legenda de uma publica\u00e7\u00e3o que fez nesta plataforma social. Foi precisamente h\u00e1 sete [&hellip;]<\/p>\n","protected":false},"author":1,"featured_media":2681,"comment_status":"open","ping_status":"open","sticky":false,"template":"","format":"standard","meta":{"footnotes":""},"categories":[21],"tags":[],"class_list":{"0":"post-2679","1":"post","2":"type-post","3":"status-publish","4":"format-standard","5":"has-post-thumbnail","7":"category-entretenimento"},"amp_enabled":true,"_links":{"self":[{"href":"https:\/\/tvbelas.com\/tvbelas\/wp-json\/wp\/v2\/posts\/2679","targetHints":{"allow":["GET"]}}],"collection":[{"href":"https:\/\/tvbelas.com\/tvbelas\/wp-json\/wp\/v2\/posts"}],"about":[{"href":"https:\/\/tvbelas.com\/tvbelas\/wp-json\/wp\/v2\/types\/post"}],"author":[{"embeddable":true,"href":"https:\/\/tvbelas.com\/tvbelas\/wp-json\/wp\/v2\/users\/1"}],"replies":[{"embeddable":true,"href":"https:\/\/tvbelas.com\/tvbelas\/wp-json\/wp\/v2\/comments?post=2679"}],"version-history":[{"count":0,"href":"https:\/\/tvbelas.com\/tvbelas\/wp-json\/wp\/v2\/posts\/2679\/revisions"}],"wp:featuredmedia":[{"embeddable":true,"href":"https:\/\/tvbelas.com\/tvbelas\/wp-json\/"}],"wp:attachment":[{"href":"https:\/\/tvbelas.com\/tvbelas\/wp-json\/wp\/v2\/media?parent=2679"}],"wp:term":[{"taxonomy":"category","embeddable":true,"href":"https:\/\/tvbelas.com\/tvbelas\/wp-json\/wp\/v2\/categories?post=2679"},{"taxonomy":"post_tag","embeddable":true,"href":"https:\/\/tvbelas.com\/tvbelas\/wp-json\/wp\/v2\/tags?post=2679"}],"curies":[{"name":"wp","href":"https:\/\/api.w.org\/{rel}","templated":true}]}}