{"id":2685,"date":"2020-12-01T15:19:47","date_gmt":"2020-12-01T14:19:47","guid":{"rendered":"http:\/\/tvbelas.com\/tvbelas\/?p=2685"},"modified":"2020-12-01T15:19:47","modified_gmt":"2020-12-01T14:19:47","slug":"zungueiros-solidariosrealizou-mais-uma-vez-na-provincia-do-zaire-uma-accao-solidaria-que-mostra-o-lado-social-da-comunicacao","status":"publish","type":"post","link":"https:\/\/tvbelas.com\/tvbelas\/noticias\/sociedade\/zungueiros-solidariosrealizou-mais-uma-vez-na-provincia-do-zaire-uma-accao-solidaria-que-mostra-o-lado-social-da-comunicacao\/","title":{"rendered":"O grupo Zungueiros Solid\u00e1rios realizou mais uma vez na Prov\u00edncia do Zaire uma ac\u00e7\u00e3o solid\u00e1ria que mostra o lado social da Comunica\u00e7\u00e3o."},"content":{"rendered":"<p>O grupo Zungueiros Solid\u00e1rios formado por Jornalistas de v\u00e1rios \u00f3rg\u00e3os, realizou mais uma vez na Prov\u00edncia do Zaire uma ac\u00e7\u00e3o solid\u00e1ria que mostra o lado social da Comunica\u00e7\u00e3o.<\/p>\n<p>Os Jornalistas doaram v\u00e1rios produtos alimentares, roupas usadas e materiais de biosseguran\u00e7a para combater o covid-19.<\/p>\n<p>O Centro Frei George recebe muitas crian\u00e7as desde rec\u00e9m nascidos e adolescentes.<\/p>\n<p>Aqui as crian\u00e7as encontram uma nova fam\u00edlia, paz, educa\u00e7\u00e3o e muito amor.<\/p>\n<p>Muitas destas crian\u00e7as eram maltratadas e acusadas de praticarem actos de feiti\u00e7aria.<\/p>\n<p>A Directora do Centro Isabel Keba Sebasti\u00e3o, afirma que este lugar \u00e9 para os mais necessitados mas infelizmente muitas fam\u00edlias acabam por abandonar as crian\u00e7as aqui alegadamente por falta de condi\u00e7\u00f5es financeiras.<\/p>\n<p>O grupo Zungueiros Solid\u00e1rios promete levar em todo territ\u00f3rio angolano as ac\u00e7\u00f5es solid\u00e1rias.<\/p>\n<p>Jornalista Diambo Lussala<\/p>\n","protected":false},"excerpt":{"rendered":"<p>O grupo Zungueiros Solid\u00e1rios formado por Jornalistas de v\u00e1rios \u00f3rg\u00e3os, realizou mais uma vez na Prov\u00edncia do Zaire uma ac\u00e7\u00e3o solid\u00e1ria que mostra o lado social da Comunica\u00e7\u00e3o. Os Jornalistas doaram v\u00e1rios produtos alimentares, roupas usadas e materiais de biosseguran\u00e7a para combater o covid-19. O Centro Frei George recebe muitas crian\u00e7as desde rec\u00e9m nascidos e [&hellip;]<\/p>\n","protected":false},"author":1,"featured_media":2687,"comment_status":"open","ping_status":"open","sticky":false,"template":"","format":"video","meta":{"footnotes":""},"categories":[15],"tags":[],"class_list":{"0":"post-2685","1":"post","2":"type-post","3":"status-publish","4":"format-video","5":"has-post-thumbnail","7":"category-sociedade","8":"post_format-post-format-video"},"amp_enabled":true,"_links":{"self":[{"href":"https:\/\/tvbelas.com\/tvbelas\/wp-json\/wp\/v2\/posts\/2685","targetHints":{"allow":["GET"]}}],"collection":[{"href":"https:\/\/tvbelas.com\/tvbelas\/wp-json\/wp\/v2\/posts"}],"about":[{"href":"https:\/\/tvbelas.com\/tvbelas\/wp-json\/wp\/v2\/types\/post"}],"author":[{"embeddable":true,"href":"https:\/\/tvbelas.com\/tvbelas\/wp-json\/wp\/v2\/users\/1"}],"replies":[{"embeddable":true,"href":"https:\/\/tvbelas.com\/tvbelas\/wp-json\/wp\/v2\/comments?post=2685"}],"version-history":[{"count":0,"href":"https:\/\/tvbelas.com\/tvbelas\/wp-json\/wp\/v2\/posts\/2685\/revisions"}],"wp:featuredmedia":[{"embeddable":true,"href":"https:\/\/tvbelas.com\/tvbelas\/wp-json\/"}],"wp:attachment":[{"href":"https:\/\/tvbelas.com\/tvbelas\/wp-json\/wp\/v2\/media?parent=2685"}],"wp:term":[{"taxonomy":"category","embeddable":true,"href":"https:\/\/tvbelas.com\/tvbelas\/wp-json\/wp\/v2\/categories?post=2685"},{"taxonomy":"post_tag","embeddable":true,"href":"https:\/\/tvbelas.com\/tvbelas\/wp-json\/wp\/v2\/tags?post=2685"}],"curies":[{"name":"wp","href":"https:\/\/api.w.org\/{rel}","templated":true}]}}