{"id":2757,"date":"2020-12-10T10:09:48","date_gmt":"2020-12-10T09:09:48","guid":{"rendered":"http:\/\/tvbelas.com\/tvbelas\/?p=2757"},"modified":"2020-12-10T10:09:48","modified_gmt":"2020-12-10T09:09:48","slug":"facebook-processado-por-conduta-predatoria-sobre-a-concorrencia","status":"publish","type":"post","link":"https:\/\/tvbelas.com\/tvbelas\/noticias\/tecnologia\/facebook-processado-por-conduta-predatoria-sobre-a-concorrencia\/","title":{"rendered":"Facebook processado por &#8220;conduta predat\u00f3ria&#8221; sobre a concorr\u00eancia"},"content":{"rendered":"<p><span class=\"news_capital_letter\">A <\/span>Federal Trade Commission (<span class=\"nanospell-typo\">FTC<\/span>) e os procuradores-gerais acusam o gigante tecnol\u00f3gico de abusar do seu poder de mercado nas redes sociais para esmagar os concorrentes mais pequenos.<\/p>\n<p>O\u00a0<span class=\"nanospell-typo\">Facebook<\/span>\u00a0\u00e9 acusado de privar os consumidores dos benef\u00edcios de um mercado competitivo e de uma melhor\u00a0<span class=\"nanospell-typo\">prote\u00e7\u00e3o<\/span>\u00a0da privacidade, ao adquirir dois dos seus principais concorrentes, o\u00a0<span class=\"nanospell-typo\">Instagram<\/span>\u00a0e o\u00a0<span class=\"nanospell-typo\">WhatsApp<\/span>.<\/p>\n<p>A empresa liderada por Mark\u00a0<span class=\"nanospell-typo\">Zuckerberg<\/span>\u00a0respondeu esta quarta-feira que tanto o Governo federal como as autoridades dos 48 Estados em causa ignoram os efeitos que a decis\u00e3o ter\u00e1 na comunidade empresarial e nos utilizadores dos seus servi\u00e7os.<\/p>\n<p>&#8220;Depois de aprovar as nossas aquisi\u00e7\u00f5es h\u00e1 anos, o Governo quer agora uma segunda tentativa, sem se preocupar com o impacto que tal precedente teria sobre toda a comunidade empresarial ou sobre as pessoas que escolhem utilizar os nossos produtos todos os dias&#8221;, frisou o\u00a0<span class=\"nanospell-typo\">Facebook<\/span>, em comunicado.<\/p>\n<p>A\u00a0<span class=\"nanospell-typo\">FTC<\/span>\u00a0pediu a um tribunal que obrigasse o\u00a0<span class=\"nanospell-typo\">Facebook<\/span>\u00a0a vender os seus servi\u00e7os de mensagens\u00a0<span class=\"nanospell-typo\">Instagram<\/span>\u00a0e\u00a0<span class=\"nanospell-typo\">WhatsApp<\/span>. A procuradora geral de Nova Iorque,\u00a0<span class=\"nanospell-typo\">Letitia<\/span>\u00a0James, numa confer\u00eancia de imprensa, afirmou ser &#8220;muito importante bloquear esta aquisi\u00e7\u00e3o predat\u00f3ria de empresas e restaurar a confian\u00e7a no mercado&#8221;.<\/p>\n<p>De acordo com a\u00a0<span class=\"nanospell-typo\">FTC<\/span>, o\u00a0<span class=\"nanospell-typo\">Facebook<\/span>\u00a0empenhou-se numa &#8220;estrat\u00e9gia sistem\u00e1tica&#8221; para eliminar a sua concorr\u00eancia, inclusive atrav\u00e9s da aquisi\u00e7\u00e3o de rivais mais pequenos como o\u00a0<span class=\"nanospell-typo\">Instagram<\/span>, em 2012, e o\u00a0<span class=\"nanospell-typo\">WhatsApp<\/span>, em 2014.<\/p>\n<p>O\u00a0<span class=\"nanospell-typo\">Facebook<\/span>\u00a0foi multado em 5 mil milh\u00f5es de d\u00f3lares (4,14 mil milh\u00f5es de euros) em 2019, por viola\u00e7\u00f5es da privacidade e instituiu uma nova supervis\u00e3o e restri\u00e7\u00f5es aos seus neg\u00f3cios. A multa foi a maior que a ag\u00eancia alguma vez aplicou a uma empresa de tecnologia, embora n\u00e3o tenha tido impacto vis\u00edvel nos neg\u00f3cios da rede social.<\/p>\n<p>James alegou que o\u00a0<span class=\"nanospell-typo\">Facebook<\/span>\u00a0tinha a pr\u00e1tica de abrir o seu site a\u00a0<span class=\"nanospell-typo\">desenvolvedores<\/span>\u00a0de aplica\u00e7\u00f5es externos, cortando depois abruptamente a liga\u00e7\u00e3o quando os via como uma amea\u00e7a ao neg\u00f3cio. A procuradora apontou ainda o dedo ao tecnol\u00f3gico de utilizar o seu dom\u00ednio do mercado para recolher dados dos consumidores e\u00a0<span class=\"nanospell-typo\">convert\u00ea<\/span>&#8211;<span class=\"nanospell-typo\">los<\/span>\u00a0numa fortuna em receitas publicit\u00e1rias.<\/p>\n<p>O procurador-geral da Carolina do Norte, Josh Stein, afirmou que o lit\u00edgio pode alterar o panorama das comunica\u00e7\u00f5es, como aconteceu com o desmembramento do monop\u00f3lio dos servi\u00e7os telef\u00f3nicos locais da AT&amp;T, no in\u00edcio dos anos 80.<\/p>\n<p>O\u00a0<span class=\"nanospell-typo\">Instagram<\/span>\u00a0e o\u00a0<span class=\"nanospell-typo\">WhatsApp<\/span>\u00a0est\u00e3o entre as cerca de 70 empresas que o\u00a0<span class=\"nanospell-typo\">Facebook<\/span>\u00a0adquiriu ao longo dos \u00faltimos 15 anos.<\/p>\n<p>A empresa\u00a0<span class=\"nanospell-typo\">californiana<\/span>\u00a0pagou cerca de mil milh\u00f5es de d\u00f3lares em 2012 para adquirir o\u00a0<span class=\"nanospell-typo\">Instagram<\/span>\u00a0e em 2014 pagou 19 mil milh\u00f5es para comprar o\u00a0<span class=\"nanospell-typo\">WhatsApp<\/span>, ambas as opera\u00e7\u00f5es aprovadas na altura pela mesma ag\u00eancia reguladora, a\u00a0<span class=\"nanospell-typo\">FTC<\/span>, que est\u00e1 agora a intentar a\u00a0<span class=\"nanospell-typo\">a\u00e7\u00e3o<\/span>\u00a0judicial.<\/p>\n","protected":false},"excerpt":{"rendered":"<p>A Federal Trade Commission (FTC) e os procuradores-gerais acusam o gigante tecnol\u00f3gico de abusar do seu poder de mercado nas redes sociais para esmagar os concorrentes mais pequenos. O\u00a0Facebook\u00a0\u00e9 acusado de privar os consumidores dos benef\u00edcios de um mercado competitivo e de uma melhor\u00a0prote\u00e7\u00e3o\u00a0da privacidade, ao adquirir dois dos seus principais concorrentes, o\u00a0Instagram\u00a0e o\u00a0WhatsApp. A [&hellip;]<\/p>\n","protected":false},"author":1,"featured_media":2759,"comment_status":"open","ping_status":"open","sticky":false,"template":"","format":"standard","meta":{"footnotes":""},"categories":[16],"tags":[],"class_list":{"0":"post-2757","1":"post","2":"type-post","3":"status-publish","4":"format-standard","5":"has-post-thumbnail","7":"category-tecnologia"},"amp_enabled":true,"_links":{"self":[{"href":"https:\/\/tvbelas.com\/tvbelas\/wp-json\/wp\/v2\/posts\/2757","targetHints":{"allow":["GET"]}}],"collection":[{"href":"https:\/\/tvbelas.com\/tvbelas\/wp-json\/wp\/v2\/posts"}],"about":[{"href":"https:\/\/tvbelas.com\/tvbelas\/wp-json\/wp\/v2\/types\/post"}],"author":[{"embeddable":true,"href":"https:\/\/tvbelas.com\/tvbelas\/wp-json\/wp\/v2\/users\/1"}],"replies":[{"embeddable":true,"href":"https:\/\/tvbelas.com\/tvbelas\/wp-json\/wp\/v2\/comments?post=2757"}],"version-history":[{"count":0,"href":"https:\/\/tvbelas.com\/tvbelas\/wp-json\/wp\/v2\/posts\/2757\/revisions"}],"wp:featuredmedia":[{"embeddable":true,"href":"https:\/\/tvbelas.com\/tvbelas\/wp-json\/"}],"wp:attachment":[{"href":"https:\/\/tvbelas.com\/tvbelas\/wp-json\/wp\/v2\/media?parent=2757"}],"wp:term":[{"taxonomy":"category","embeddable":true,"href":"https:\/\/tvbelas.com\/tvbelas\/wp-json\/wp\/v2\/categories?post=2757"},{"taxonomy":"post_tag","embeddable":true,"href":"https:\/\/tvbelas.com\/tvbelas\/wp-json\/wp\/v2\/tags?post=2757"}],"curies":[{"name":"wp","href":"https:\/\/api.w.org\/{rel}","templated":true}]}}