{"id":2761,"date":"2020-12-10T10:14:04","date_gmt":"2020-12-10T09:14:04","guid":{"rendered":"http:\/\/tvbelas.com\/tvbelas\/?p=2761"},"modified":"2020-12-10T10:14:04","modified_gmt":"2020-12-10T09:14:04","slug":"morreu-o-ex-futebolista-paolo-rossi-heroi-italiano-do-mundial-de-1982","status":"publish","type":"post","link":"https:\/\/tvbelas.com\/tvbelas\/noticias\/desporto\/morreu-o-ex-futebolista-paolo-rossi-heroi-italiano-do-mundial-de-1982\/","title":{"rendered":"Morreu o ex-futebolista Paolo Rossi, &#8216;her\u00f3i&#8217; italiano do Mundial de 1982"},"content":{"rendered":"<p><span class=\"news_capital_letter\">O <\/span>ex-futebolista Paolo\u00a0<span class=\"nanospell-typo\">Rossi<\/span>, &#8216;her\u00f3i&#8217; da vit\u00f3ria italiana no Mundial de 1982, morreu hoje aos 64 anos, v\u00edtima de doen\u00e7a incur\u00e1vel, anunciou o di\u00e1rio desportivo italiano la\u00a0<span class=\"nanospell-typo\">Gazzetta<\/span>\u00a0<span class=\"nanospell-typo\">dello<\/span>\u00a0Sport.<\/p>\n<p>Nascido em 23 de\u00a0<span class=\"nanospell-typo\">setembro<\/span>\u00a0de 1956, em Prato, &#8216;<span class=\"nanospell-typo\">Pablito<\/span>&#8216; foi internacional transalpino por 48 vezes e marcou 20 golos, seis dos quais no campeonato do Mundo disputado em Espanha e que acabou como melhor\u00a0<span class=\"nanospell-typo\">goleador<\/span>.<\/p>\n<p>Paolo\u00a0<span class=\"nanospell-typo\">Rossi<\/span>\u00a0entrou para a &#8216;lenda&#8217; do futebol em 05 de\u00a0<span class=\"nanospell-typo\">julho<\/span>\u00a0de 1982, dia em que, no Est\u00e1dio\u00a0<span class=\"nanospell-typo\">Sarri\u00e0<\/span>, em Barcelona, conseguiu um &#8216;hat-trick&#8217; face a uma fant\u00e1stica\u00a0<span class=\"nanospell-typo\">sele\u00e7\u00e3o<\/span>\u00a0brasileira, derrotando-a por 3-2 e eliminando-a da prova.<\/p>\n<p>Os brasileiros, que pareciam\u00a0<span class=\"nanospell-typo\">imbat\u00edveis<\/span>, com um futebol de alta qualidade, liderado por\u00a0<span class=\"nanospell-typo\">Zico<\/span>, S\u00f3crates, Falc\u00e3o,\u00a0<span class=\"nanospell-typo\">\u00c9der<\/span>, J\u00fanior ou\u00a0<span class=\"nanospell-typo\">Cerezo<\/span>, sucumbiram perante\u00a0<span class=\"nanospell-typo\">Rossi<\/span>, num jogo da segunda fase de grupos que s\u00f3 precisavam de empatar para rumar \u00e0s meias-finais.<\/p>\n<p>O ent\u00e3o avan\u00e7ado da\u00a0<span class=\"nanospell-typo\">Juventus<\/span>, cuja escolha para integrar o &#8216;onze&#8217; era muito contestada, tal como a pr\u00f3pria chamada para o Mundial, ap\u00f3s ter estado suspenso por dois anos devido a um caso de apostas, conhecido como &#8216;<span class=\"nanospell-typo\">Totonero<\/span>&#8216;, arrancou para um final de prova inesquec\u00edvel.<\/p>\n<p><span class=\"nanospell-typo\">Rossi<\/span>\u00a0&#8216;bisou&#8217; nas meias-finais, superando a Pol\u00f3nia por 2-0, e, depois, marcou o primeiro golo da It\u00e1lia na final com a Rep\u00fablica Federal Alem\u00e3 (<span class=\"nanospell-typo\">RFA<\/span>), que a &#8216;<span class=\"nanospell-typo\">squadra<\/span>\u00a0<span class=\"nanospell-typo\">azzurra<\/span>&#8216; bateu por 3-1, para conquistar o seu terceiro\u00a0<span class=\"nanospell-typo\">cetro<\/span>\u00a0mundial.<\/p>\n<p>As\u00a0<span class=\"nanospell-typo\">atua\u00e7\u00f5es<\/span>\u00a0no Mundial valeram-lhe a conquista da &#8216;Bota de Ouro&#8217;, trof\u00e9u da revista francesa &#8216;France Football&#8217; que ent\u00e3o era reservada a futebolistas do &#8216;velho continente&#8217;.<\/p>\n<p>Pela It\u00e1lia, que representou entre 1977 e 1986, j\u00e1 tinha marcado presen\u00e7a no Mundial de 1978, na Argentina, onde a forma\u00e7\u00e3o transalpina acabou no quarto lugar, com\u00a0<span class=\"nanospell-typo\">Rossi<\/span>\u00a0tamb\u00e9m como melhor marcador da equipa, com tr\u00eas golos.<\/p>\n<p>Num dos 48 jogos pela It\u00e1lia,\u00a0<span class=\"nanospell-typo\">Rossi<\/span>\u00a0cruzou-se uma vez com a\u00a0<span class=\"nanospell-typo\">sele\u00e7\u00e3o<\/span>\u00a0portuguesa, \u00e0 qual marcou um golo, num particular realizado em 03 de\u00a0<span class=\"nanospell-typo\">abril<\/span>\u00a0de 1985. Em\u00a0<span class=\"nanospell-typo\">Ascoli<\/span>,\u00a0<span class=\"nanospell-typo\">faturou<\/span>\u00a0de\u00a0<span class=\"nanospell-typo\">pen\u00e1lti<\/span>, aos 77 minutos, fazendo o 2-0 final.<\/p>\n<p>Na sua carreira ao n\u00edvel de clubes, destaque para os muitos t\u00edtulos conquistado ao servi\u00e7o da\u00a0<span class=\"nanospell-typo\">Juventus<\/span>, nomeadamente uma Ta\u00e7a dos Campe\u00f5es (1984\/85), uma Ta\u00e7a das Ta\u00e7as (1983\/84), \u00e0s custas do FC Porto, batido na final de Basileia por 2-1, e uma\u00a0<span class=\"nanospell-typo\">Superta\u00e7a<\/span>\u00a0Europeia, em 1984.<\/p>\n<p>Em It\u00e1lia, arrebatou dois campeonatos e uma Ta\u00e7a de It\u00e1lia, sendo o melhor marcador da\u00a0<span class=\"nanospell-typo\">Serie<\/span>\u00a0A em 1977\/78, com 24 golos, uma\u00a0<span class=\"nanospell-typo\">\u00e9poca<\/span>\u00a0depois de ter sido o m\u00e1ximo\u00a0<span class=\"nanospell-typo\">concretizador<\/span>\u00a0da S\u00e9rie B, com 21, ajudando o\u00a0<span class=\"nanospell-typo\">Lanerossi<\/span>\u00a0<span class=\"nanospell-typo\">Vicenza<\/span>\u00a0a vencer a competi\u00e7\u00e3o.<\/p>\n<p>Ao longo da carreira, o ex-avan\u00e7ado passou por Santa L\u00facia,\u00a0<span class=\"nanospell-typo\">Ambrosiana<\/span>,\u00a0<span class=\"nanospell-typo\">Cattolica<\/span>\u00a0<span class=\"nanospell-typo\">Virtus<\/span>\u00a0e\u00a0<span class=\"nanospell-typo\">Juventus<\/span>, na forma\u00e7\u00e3o, sendo que foi tamb\u00e9m na equipa de Turim que se estreou como s\u00e9nior, na temporada 1973\/74.<\/p>\n<p>Al\u00e9m da &#8216;<span class=\"nanospell-typo\">Juve<\/span>&#8216;, jogou ao servi\u00e7o de Como,\u00a0<span class=\"nanospell-typo\">Lanerossi<\/span>\u00a0<span class=\"nanospell-typo\">Vicenza<\/span>,\u00a0<span class=\"nanospell-typo\">Perugia<\/span>, Milan e Verona, equipa em que se despediu do &#8216;<span class=\"nanospell-typo\">calcio<\/span>&#8216;, em 1986\/87, com apenas 30 anos.<\/p>\n","protected":false},"excerpt":{"rendered":"<p>O ex-futebolista Paolo\u00a0Rossi, &#8216;her\u00f3i&#8217; da vit\u00f3ria italiana no Mundial de 1982, morreu hoje aos 64 anos, v\u00edtima de doen\u00e7a incur\u00e1vel, anunciou o di\u00e1rio desportivo italiano la\u00a0Gazzetta\u00a0dello\u00a0Sport. Nascido em 23 de\u00a0setembro\u00a0de 1956, em Prato, &#8216;Pablito&#8216; foi internacional transalpino por 48 vezes e marcou 20 golos, seis dos quais no campeonato do Mundo disputado em Espanha e [&hellip;]<\/p>\n","protected":false},"author":1,"featured_media":2763,"comment_status":"open","ping_status":"open","sticky":false,"template":"","format":"standard","meta":{"footnotes":""},"categories":[19],"tags":[],"class_list":{"0":"post-2761","1":"post","2":"type-post","3":"status-publish","4":"format-standard","5":"has-post-thumbnail","7":"category-desporto"},"amp_enabled":true,"_links":{"self":[{"href":"https:\/\/tvbelas.com\/tvbelas\/wp-json\/wp\/v2\/posts\/2761","targetHints":{"allow":["GET"]}}],"collection":[{"href":"https:\/\/tvbelas.com\/tvbelas\/wp-json\/wp\/v2\/posts"}],"about":[{"href":"https:\/\/tvbelas.com\/tvbelas\/wp-json\/wp\/v2\/types\/post"}],"author":[{"embeddable":true,"href":"https:\/\/tvbelas.com\/tvbelas\/wp-json\/wp\/v2\/users\/1"}],"replies":[{"embeddable":true,"href":"https:\/\/tvbelas.com\/tvbelas\/wp-json\/wp\/v2\/comments?post=2761"}],"version-history":[{"count":0,"href":"https:\/\/tvbelas.com\/tvbelas\/wp-json\/wp\/v2\/posts\/2761\/revisions"}],"wp:featuredmedia":[{"embeddable":true,"href":"https:\/\/tvbelas.com\/tvbelas\/wp-json\/"}],"wp:attachment":[{"href":"https:\/\/tvbelas.com\/tvbelas\/wp-json\/wp\/v2\/media?parent=2761"}],"wp:term":[{"taxonomy":"category","embeddable":true,"href":"https:\/\/tvbelas.com\/tvbelas\/wp-json\/wp\/v2\/categories?post=2761"},{"taxonomy":"post_tag","embeddable":true,"href":"https:\/\/tvbelas.com\/tvbelas\/wp-json\/wp\/v2\/tags?post=2761"}],"curies":[{"name":"wp","href":"https:\/\/api.w.org\/{rel}","templated":true}]}}