{"id":2765,"date":"2020-12-10T10:17:56","date_gmt":"2020-12-10T09:17:56","guid":{"rendered":"http:\/\/tvbelas.com\/tvbelas\/?p=2765"},"modified":"2020-12-10T10:17:56","modified_gmt":"2020-12-10T09:17:56","slug":"a-reacao-de-isabel-ii-a-noticia-de-que-ia-ser-bisavo-novamente","status":"publish","type":"post","link":"https:\/\/tvbelas.com\/tvbelas\/programa\/entretenimento\/a-reacao-de-isabel-ii-a-noticia-de-que-ia-ser-bisavo-novamente\/","title":{"rendered":"A rea\u00e7\u00e3o de Isabel II \u00e0 not\u00edcia de que ia ser bisav\u00f3 novamente"},"content":{"rendered":"<p><span class=\"news_capital_letter\">A<\/span><a href=\"https:\/\/www.noticiasaominuto.com\/fama\/1643414\/familia-real-vai-crescer-rainha-isabel-ii-vai-ser-bisavo-novamente\">fam\u00edlia real\u00a0<span class=\"nanospell-typo\">brit<\/span>\u00e2<span class=\"nanospell-typo\">nica<\/span>\u00a0vai aumentar<\/a>\u00a0com o nascimento do terceiro filho de\u00a0<span class=\"nanospell-typo\">Zara<\/span>\u00a0<span class=\"nanospell-typo\">Tindall<\/span>, filha da princesa Ana, e de Mike\u00a0<span class=\"nanospell-typo\">Tindall<\/span>, com quem \u00e9 casada desde 2011. Uma not\u00edcia que deixou a rainha Isabel II deliciada.<\/p>\n<p>&nbsp;<\/p>\n<p><iframe loading=\"lazy\"  id=\"_ytid_45341\"  width=\"800\" height=\"450\"  data-origwidth=\"800\" data-origheight=\"450\" src=\"https:\/\/www.youtube.com\/embed\/qJRn_eImmdM?enablejsapi=1&#038;autoplay=0&#038;cc_load_policy=0&#038;cc_lang_pref=&#038;iv_load_policy=1&#038;loop=0&#038;rel=1&#038;fs=1&#038;playsinline=0&#038;autohide=2&#038;theme=dark&#038;color=red&#038;controls=1&#038;\" class=\"__youtube_prefs__  epyt-is-override  no-lazyload\" title=\"YouTube player\"  allow=\"fullscreen; accelerometer; autoplay; clipboard-write; encrypted-media; gyroscope; picture-in-picture\" allowfullscreen data-no-lazy=\"1\" data-skipgform_ajax_framebjll=\"\"><\/iframe><\/p>\n<p>A monarca e o marido, Filipe, duque de Edimburgo, preparam-se ent\u00e3o para serem novamente bisav\u00f3s e representantes do pal\u00e1cio de Buckingham contaram que o casal recebeu a novidade com grande alegria.<\/p>\n<p>Est\u00e3o &#8220;conscientes e encantados&#8221; com a chegada de mais um beb\u00e9, cita a revista\u00a0<a href=\"https:\/\/www.hellomagazine.com\/royalty\/20201209102388\/the-queen-reacts-zara-tindall-baby-news\/\">Hello<\/a>.<\/p>\n<p>Recorde-se que al\u00e9m de\u00a0<span class=\"nanospell-typo\">Zara<\/span>\u00a0<span class=\"nanospell-typo\">Tindall<\/span>, tamb\u00e9m a princesa Eugenie, filha do pr\u00edncipe Andr\u00e9, est\u00e1 gr\u00e1vida.<\/p>\n","protected":false},"excerpt":{"rendered":"<p>Afam\u00edlia real\u00a0brit\u00e2nica\u00a0vai aumentar\u00a0com o nascimento do terceiro filho de\u00a0Zara\u00a0Tindall, filha da princesa Ana, e de Mike\u00a0Tindall, com quem \u00e9 casada desde 2011. Uma not\u00edcia que deixou a rainha Isabel II deliciada. &nbsp; A monarca e o marido, Filipe, duque de Edimburgo, preparam-se ent\u00e3o para serem novamente bisav\u00f3s e representantes do pal\u00e1cio de Buckingham contaram que [&hellip;]<\/p>\n","protected":false},"author":1,"featured_media":2767,"comment_status":"open","ping_status":"open","sticky":false,"template":"","format":"standard","meta":{"footnotes":""},"categories":[21],"tags":[],"class_list":{"0":"post-2765","1":"post","2":"type-post","3":"status-publish","4":"format-standard","5":"has-post-thumbnail","7":"category-entretenimento"},"amp_enabled":true,"_links":{"self":[{"href":"https:\/\/tvbelas.com\/tvbelas\/wp-json\/wp\/v2\/posts\/2765","targetHints":{"allow":["GET"]}}],"collection":[{"href":"https:\/\/tvbelas.com\/tvbelas\/wp-json\/wp\/v2\/posts"}],"about":[{"href":"https:\/\/tvbelas.com\/tvbelas\/wp-json\/wp\/v2\/types\/post"}],"author":[{"embeddable":true,"href":"https:\/\/tvbelas.com\/tvbelas\/wp-json\/wp\/v2\/users\/1"}],"replies":[{"embeddable":true,"href":"https:\/\/tvbelas.com\/tvbelas\/wp-json\/wp\/v2\/comments?post=2765"}],"version-history":[{"count":0,"href":"https:\/\/tvbelas.com\/tvbelas\/wp-json\/wp\/v2\/posts\/2765\/revisions"}],"wp:featuredmedia":[{"embeddable":true,"href":"https:\/\/tvbelas.com\/tvbelas\/wp-json\/"}],"wp:attachment":[{"href":"https:\/\/tvbelas.com\/tvbelas\/wp-json\/wp\/v2\/media?parent=2765"}],"wp:term":[{"taxonomy":"category","embeddable":true,"href":"https:\/\/tvbelas.com\/tvbelas\/wp-json\/wp\/v2\/categories?post=2765"},{"taxonomy":"post_tag","embeddable":true,"href":"https:\/\/tvbelas.com\/tvbelas\/wp-json\/wp\/v2\/tags?post=2765"}],"curies":[{"name":"wp","href":"https:\/\/api.w.org\/{rel}","templated":true}]}}