{"id":2770,"date":"2020-12-10T11:48:57","date_gmt":"2020-12-10T10:48:57","guid":{"rendered":"http:\/\/tvbelas.com\/tvbelas\/?p=2770"},"modified":"2020-12-10T11:48:57","modified_gmt":"2020-12-10T10:48:57","slug":"china-volta-a-detetar-covid-19-em-produtos-congelados-oriundos-do-brasil","status":"publish","type":"post","link":"https:\/\/tvbelas.com\/tvbelas\/noticias\/saude\/china-volta-a-detetar-covid-19-em-produtos-congelados-oriundos-do-brasil\/","title":{"rendered":"China volta a detetar Covid-19 em produtos congelados oriundos do Brasil"},"content":{"rendered":"<p><span class=\"news_capital_letter\">E<\/span>m comunicado, o Governo local informou que os vest\u00edgios do v\u00edrus foram\u00a0<span class=\"nanospell-typo\">detetados<\/span>\u00a0em embalagens de lombo bovino desossado congelado, comprados a uma empresa da cidade de\u00a0<span class=\"nanospell-typo\">Wuxi<\/span>, na mesma prov\u00edncia.<\/p>\n<p>A produ\u00e7\u00e3o das embalagens data entre 27 e 31 de\u00a0<span class=\"nanospell-typo\">julho<\/span>\u00a0deste ano, l\u00ea-se na mesma nota.<\/p>\n<p>O supermercado RT Mart, de\u00a0<span class=\"nanospell-typo\">Tongzhou<\/span>, comprou 182,5 quilos daquela carne e vendeu 123 quilos aos consumidores.<\/p>\n<p>As autoridades retiraram j\u00e1 o produto do supermercado, que tamb\u00e9m foi\u00a0<span class=\"nanospell-typo\">desinfetado<\/span>, e submeteram os funcion\u00e1rios e consumidores a testes de\u00a0<span class=\"nanospell-typo\">\u00e1cido<\/span>\u00a0<span class=\"nanospell-typo\">nucleico<\/span>, mas at\u00e9 agora os resultados foram negativos.<\/p>\n<p>N\u00e3o \u00e9 a primeira vez que a China encontra vest\u00edgios do v\u00edrus em embalagens de alimentos congelados importados do Brasil.<\/p>\n<p>Na segunda-feira, as autoridades sanit\u00e1rias de\u00a0<span class=\"nanospell-typo\">Wuhan<\/span>, a cidade chinesa onde foram diagnosticados os primeiros casos de\u00a0<span class=\"nanospell-typo\">covid<\/span>-19,\u00a0<span class=\"nanospell-typo\">detetaram<\/span>\u00a0vest\u00edgios do novo\u00a0<span class=\"nanospell-typo\">coronav\u00edrus<\/span>\u00a0em embalagens de carne su\u00edna brasileira.<\/p>\n<p>Em\u00a0<span class=\"nanospell-typo\">agosto<\/span>, as autoridades da cidade de\u00a0<span class=\"nanospell-typo\">Shenzhen<\/span>, sul da China, afirmaram ter encontrado restos na superf\u00edcie de um lote de asas de frango congelado importado do Brasil.<\/p>\n<p>As autoridades do pa\u00eds alegam que alimentos congelados importados, principalmente carnes e peixes, s\u00e3o a principal origem de novos surtos do v\u00edrus na China.<\/p>\n<p>A Comiss\u00e3o Nacional de Sa\u00fade da China informou hoje que houve um caso de cont\u00e1gio local na regi\u00e3o da Mong\u00f3lia Interior, ao qual deve ser adicionado outro positivo, na prov\u00edncia de\u00a0<span class=\"nanospell-typo\">Heilongjiang<\/span>, no nordeste do pa\u00eds.<\/p>\n<p>O n\u00famero total de\u00a0<span class=\"nanospell-typo\">infetados<\/span>\u00a0<span class=\"nanospell-typo\">ativos<\/span>\u00a0na China continental \u00e9\u00a0<span class=\"nanospell-typo\">atualmente<\/span>\u00a0285, entre os quais cinco est\u00e3o gravemente doentes.<\/p>\n<p>A China respondeu por 40% das exporta\u00e7\u00f5es do\u00a0<span class=\"nanospell-typo\">setor<\/span>\u00a0<span class=\"nanospell-typo\">agroalimentar<\/span>\u00a0do Brasil no primeiro semestre deste ano.<\/p>\n<p>A\u00a0<span class=\"nanospell-typo\">pandemia<\/span>\u00a0de\u00a0<span class=\"nanospell-typo\">covid<\/span>-19 provocou pelo menos 1.557.814 mortos resultantes de mais de 68,2 milh\u00f5es de casos de\u00a0<span class=\"nanospell-typo\">infe\u00e7\u00e3o<\/span>\u00a0em todo o mundo, segundo um balan\u00e7o feito pela ag\u00eancia francesa\u00a0<span class=\"nanospell-typo\">AFP<\/span>.<\/p>\n<p>Em Portugal, morreram 5.192 pessoas dos 332.073 casos de\u00a0<span class=\"nanospell-typo\">infe\u00e7\u00e3o<\/span>\u00a0confirmados, de acordo com o boletim mais recente da\u00a0<span class=\"nanospell-typo\">Dire\u00e7\u00e3o<\/span>-Geral da Sa\u00fade.<\/p>\n<p>A doen\u00e7a \u00e9 transmitida por um novo\u00a0<span class=\"nanospell-typo\">coronav\u00edrus<\/span>\u00a0<span class=\"nanospell-typo\">detetado<\/span>\u00a0no final de\u00a0<span class=\"nanospell-typo\">dezembro<\/span>\u00a0de 2019, em\u00a0<span class=\"nanospell-typo\">Wuhan<\/span>, uma cidade do centro da China.<\/p>\n","protected":false},"excerpt":{"rendered":"<p>Em comunicado, o Governo local informou que os vest\u00edgios do v\u00edrus foram\u00a0detetados\u00a0em embalagens de lombo bovino desossado congelado, comprados a uma empresa da cidade de\u00a0Wuxi, na mesma prov\u00edncia. A produ\u00e7\u00e3o das embalagens data entre 27 e 31 de\u00a0julho\u00a0deste ano, l\u00ea-se na mesma nota. O supermercado RT Mart, de\u00a0Tongzhou, comprou 182,5 quilos daquela carne e vendeu [&hellip;]<\/p>\n","protected":false},"author":1,"featured_media":2772,"comment_status":"open","ping_status":"open","sticky":false,"template":"","format":"standard","meta":{"footnotes":""},"categories":[14],"tags":[],"class_list":{"0":"post-2770","1":"post","2":"type-post","3":"status-publish","4":"format-standard","5":"has-post-thumbnail","7":"category-saude"},"amp_enabled":true,"_links":{"self":[{"href":"https:\/\/tvbelas.com\/tvbelas\/wp-json\/wp\/v2\/posts\/2770","targetHints":{"allow":["GET"]}}],"collection":[{"href":"https:\/\/tvbelas.com\/tvbelas\/wp-json\/wp\/v2\/posts"}],"about":[{"href":"https:\/\/tvbelas.com\/tvbelas\/wp-json\/wp\/v2\/types\/post"}],"author":[{"embeddable":true,"href":"https:\/\/tvbelas.com\/tvbelas\/wp-json\/wp\/v2\/users\/1"}],"replies":[{"embeddable":true,"href":"https:\/\/tvbelas.com\/tvbelas\/wp-json\/wp\/v2\/comments?post=2770"}],"version-history":[{"count":0,"href":"https:\/\/tvbelas.com\/tvbelas\/wp-json\/wp\/v2\/posts\/2770\/revisions"}],"wp:featuredmedia":[{"embeddable":true,"href":"https:\/\/tvbelas.com\/tvbelas\/wp-json\/"}],"wp:attachment":[{"href":"https:\/\/tvbelas.com\/tvbelas\/wp-json\/wp\/v2\/media?parent=2770"}],"wp:term":[{"taxonomy":"category","embeddable":true,"href":"https:\/\/tvbelas.com\/tvbelas\/wp-json\/wp\/v2\/categories?post=2770"},{"taxonomy":"post_tag","embeddable":true,"href":"https:\/\/tvbelas.com\/tvbelas\/wp-json\/wp\/v2\/tags?post=2770"}],"curies":[{"name":"wp","href":"https:\/\/api.w.org\/{rel}","templated":true}]}}