{"id":2774,"date":"2020-12-10T13:49:57","date_gmt":"2020-12-10T12:49:57","guid":{"rendered":"http:\/\/tvbelas.com\/tvbelas\/?p=2774"},"modified":"2020-12-10T13:49:57","modified_gmt":"2020-12-10T12:49:57","slug":"espanha-com-45-mil-mortos-ate-maio-mais-18-mil-do-que-numero-oficial","status":"publish","type":"post","link":"https:\/\/tvbelas.com\/tvbelas\/noticias\/internacional\/espanha-com-45-mil-mortos-ate-maio-mais-18-mil-do-que-numero-oficial\/","title":{"rendered":"Espanha com 45 mil mortos at\u00e9 maio, mais 18 mil do que n\u00famero oficial"},"content":{"rendered":"<p><span class=\"news_capital_letter\">S<\/span>egundo o Instituto Nacional de Estat\u00edstica (<span class=\"nanospell-typo\">INE<\/span>) espanhol, a\u00a0<span class=\"nanospell-typo\">covid<\/span>-19, dentro do grupo das doen\u00e7as infecciosas, foi a causa de morte mais frequente entre\u00a0<span class=\"nanospell-typo\">janeiro<\/span>\u00a0e\u00a0<span class=\"nanospell-typo\">maio<\/span>\u00a0de 2020, com 32.652\u00a0<span class=\"nanospell-typo\">\u00f3bitos<\/span>\u00a0com o v\u00edrus &#8220;identificado&#8221; e 13.032 registadas com o v\u00edrus &#8220;suspeito&#8221;.<\/p>\n<p>As estat\u00edsticas confirmam que nenhuma morte provocada pelo novo\u00a0<span class=\"nanospell-typo\">coronav\u00edrus<\/span>\u00a0foi certificada entre\u00a0<span class=\"nanospell-typo\">janeiro<\/span>\u00a0e\u00a0<span class=\"nanospell-typo\">fevereiro<\/span>, enquanto\u00a0<span class=\"nanospell-typo\">abril<\/span>, com 26.305 casos (18.178 identificados e 8.127 suspeitos), foi o m\u00eas com a maior mortalidade devido a esta doen\u00e7a.<\/p>\n<p>No c\u00e1lculo global das mortes registadas por todas as causas, a varia\u00e7\u00e3o em rela\u00e7\u00e3o ao ano passado mostra uma diminui\u00e7\u00e3o de 4,3% nos dois primeiros meses do ano, com menos 3.568 mortes, enquanto entre\u00a0<span class=\"nanospell-typo\">mar\u00e7o<\/span>\u00a0e\u00a0<span class=\"nanospell-typo\">maio<\/span>\u00a0aumentou 44,8%, com mais 47.105 casos.<\/p>\n<p>No total, desde o in\u00edcio de 2020 at\u00e9\u00a0<span class=\"nanospell-typo\">maio<\/span>, 231.014 pessoas morreram em Espanha por todas as causas, mais 43.537 do que no mesmo per\u00edodo do ano anterior, o que representou um aumento de 23,2%.<\/p>\n<p>Segundo o\u00a0<span class=\"nanospell-typo\">INE<\/span>, a &#8220;semana negra&#8221; de mortes foi a de 30 de\u00a0<span class=\"nanospell-typo\">mar\u00e7o<\/span>\u00a0at\u00e9 05 de\u00a0<span class=\"nanospell-typo\">abril<\/span>: sete dias em que a\u00a0<span class=\"nanospell-typo\">covid<\/span>-19 esteve envolvida em 10.664 casos indicados nesta estat\u00edstica obtida com base nos atestados de\u00a0<span class=\"nanospell-typo\">\u00f3bitos<\/span>\u00a0m\u00e9dicos e tendo em conta os c\u00f3digos estabelecidos pela\u00a0<span class=\"nanospell-typo\">OMS<\/span>\u00a0(Organiza\u00e7\u00e3o Mundial da Sa\u00fade) em\u00a0<span class=\"nanospell-typo\">mar\u00e7o<\/span>\u00a0para distinguir os casos.<\/p>\n<p>Os dados fornecidos pelo\u00a0<span class=\"nanospell-typo\">INE<\/span>\u00a0espanhol permitem constatar que na primeira vaga morreram mais mil homens do que mulheres devido ao novo\u00a0<span class=\"nanospell-typo\">coronav\u00edrus<\/span>\u00a0(23.370 homens contra 22.314 mulheres).<\/p>\n<p>As mortes concentraram-se em pessoas de idades avan\u00e7adas, dado que 87,1% das mortes com o v\u00edrus identificado tinham 70 anos ou mais, enquanto 89,2% dos casos suspeitos tinham 75 anos ou mais.<\/p>\n<p>O estudo tamb\u00e9m indica que o risco de morrer de\u00a0<span class=\"nanospell-typo\">covid<\/span>-19 era inferior a 100 mortes por 100.000 habitantes at\u00e9 aos 65 anos de idade, embora a partir dessa idade as taxas tenham aumentado para 1.773,9 mortes por 100.000 habitantes no grupo com idade igual ou superior a 95 anos.<\/p>\n<p>Quanto aos locais onde ocorreram as mortes, os dados distinguiram claramente entre v\u00edrus confirmados e suspeitos: 76,4% dos identificados ocorreram em centros hospitalares, enquanto 55,6% dos suspeitos ocorreram em resid\u00eancias de cuidados de sa\u00fade sociais.<\/p>\n<p>No total, foram registadas 28.444 mortes em hospitais e 13.746 em lares de idosos.<\/p>\n<p>A\u00a0<span class=\"nanospell-typo\">pandemia<\/span>\u00a0de\u00a0<span class=\"nanospell-typo\">covid<\/span>-19 provocou pelo menos 1.557.814 mortos resultantes de mais de 68,2 milh\u00f5es de casos de\u00a0<span class=\"nanospell-typo\">infe\u00e7\u00e3o<\/span>\u00a0em todo o mundo, segundo um balan\u00e7o feito pela ag\u00eancia francesa\u00a0<span class=\"nanospell-typo\">AFP<\/span>.<\/p>\n<p>Em Portugal, morreram 5.192 pessoas dos 332.073 casos de\u00a0<span class=\"nanospell-typo\">infe\u00e7\u00e3o<\/span>\u00a0confirmados, de acordo com o boletim mais recente da\u00a0<span class=\"nanospell-typo\">Dire\u00e7\u00e3o<\/span>-Geral da Sa\u00fade.<\/p>\n<p>Oficialmente, Espanha regista at\u00e9 agora 47.019 mortos e mais de 1,7 milh\u00f5es de casos de\u00a0<span class=\"nanospell-typo\">infe\u00e7\u00e3o<\/span>\u00a0pelo novo\u00a0<span class=\"nanospell-typo\">coronav\u00edrus<\/span>.<\/p>\n<p>A doen\u00e7a \u00e9 transmitida por um novo\u00a0<span class=\"nanospell-typo\">coronav\u00edrus<\/span>\u00a0<span class=\"nanospell-typo\">detetado<\/span>\u00a0no final de\u00a0<span class=\"nanospell-typo\">dezembro<\/span>\u00a0de 2019, em\u00a0<span class=\"nanospell-typo\">Wuhan<\/span>, uma cidade do centro da China.<\/p>\n","protected":false},"excerpt":{"rendered":"<p>Segundo o Instituto Nacional de Estat\u00edstica (INE) espanhol, a\u00a0covid-19, dentro do grupo das doen\u00e7as infecciosas, foi a causa de morte mais frequente entre\u00a0janeiro\u00a0e\u00a0maio\u00a0de 2020, com 32.652\u00a0\u00f3bitos\u00a0com o v\u00edrus &#8220;identificado&#8221; e 13.032 registadas com o v\u00edrus &#8220;suspeito&#8221;. As estat\u00edsticas confirmam que nenhuma morte provocada pelo novo\u00a0coronav\u00edrus\u00a0foi certificada entre\u00a0janeiro\u00a0e\u00a0fevereiro, enquanto\u00a0abril, com 26.305 casos (18.178 identificados e 8.127 [&hellip;]<\/p>\n","protected":false},"author":1,"featured_media":2776,"comment_status":"open","ping_status":"open","sticky":false,"template":"","format":"standard","meta":{"footnotes":""},"categories":[22],"tags":[],"class_list":{"0":"post-2774","1":"post","2":"type-post","3":"status-publish","4":"format-standard","5":"has-post-thumbnail","7":"category-internacional"},"amp_enabled":true,"_links":{"self":[{"href":"https:\/\/tvbelas.com\/tvbelas\/wp-json\/wp\/v2\/posts\/2774","targetHints":{"allow":["GET"]}}],"collection":[{"href":"https:\/\/tvbelas.com\/tvbelas\/wp-json\/wp\/v2\/posts"}],"about":[{"href":"https:\/\/tvbelas.com\/tvbelas\/wp-json\/wp\/v2\/types\/post"}],"author":[{"embeddable":true,"href":"https:\/\/tvbelas.com\/tvbelas\/wp-json\/wp\/v2\/users\/1"}],"replies":[{"embeddable":true,"href":"https:\/\/tvbelas.com\/tvbelas\/wp-json\/wp\/v2\/comments?post=2774"}],"version-history":[{"count":0,"href":"https:\/\/tvbelas.com\/tvbelas\/wp-json\/wp\/v2\/posts\/2774\/revisions"}],"wp:featuredmedia":[{"embeddable":true,"href":"https:\/\/tvbelas.com\/tvbelas\/wp-json\/"}],"wp:attachment":[{"href":"https:\/\/tvbelas.com\/tvbelas\/wp-json\/wp\/v2\/media?parent=2774"}],"wp:term":[{"taxonomy":"category","embeddable":true,"href":"https:\/\/tvbelas.com\/tvbelas\/wp-json\/wp\/v2\/categories?post=2774"},{"taxonomy":"post_tag","embeddable":true,"href":"https:\/\/tvbelas.com\/tvbelas\/wp-json\/wp\/v2\/tags?post=2774"}],"curies":[{"name":"wp","href":"https:\/\/api.w.org\/{rel}","templated":true}]}}