{"id":2804,"date":"2020-12-14T15:50:45","date_gmt":"2020-12-14T14:50:45","guid":{"rendered":"http:\/\/tvbelas.com\/tvbelas\/?p=2804"},"modified":"2020-12-14T15:50:45","modified_gmt":"2020-12-14T14:50:45","slug":"neymar-deve-parar-tres-semanas-avanca-o-jornal-lequipe","status":"publish","type":"post","link":"https:\/\/tvbelas.com\/tvbelas\/noticias\/desporto\/neymar-deve-parar-tres-semanas-avanca-o-jornal-lequipe\/","title":{"rendered":"Neymar deve parar tr\u00eas semanas, avan\u00e7a o jornal L&#8217;\u00c9quipe"},"content":{"rendered":"<p><span class=\"nanospell-typo\"><span class=\"news_capital_letter\">N<\/span>eymar<\/span>\u00a0Jr vai estar fora de competi\u00e7\u00e3o novamente por v\u00e1rias semanas. Depois de afastado o pior cen\u00e1rio, o de uma\u00a0<span class=\"nanospell-typo\">fratura<\/span>, o brasileiro, avan\u00e7a o\u00a0<span class=\"nanospell-typo\">L&#8217;\u00c9quipe<\/span>, vai ficar fora dos relvados algumas semanas.<\/p>\n<p>A ter de cumprir exames complementares nas pr\u00f3ximas horas, avan\u00e7a a publica\u00e7\u00e3o francesa que o jogador\u00a0<span class=\"nanospell-typo\">canarinho<\/span>\u00a0dever\u00e1 ficar de baixa at\u00e9 2021 &#8211; tr\u00eas semanas.<\/p>\n<p>Segundo o avan\u00e7ado,\u00a0<span class=\"nanospell-typo\">Neymar<\/span>\u00a0dever\u00e1 voltar a 13 de\u00a0<span class=\"nanospell-typo\">janeiro<\/span>, altura em que o\u00a0<span class=\"nanospell-typo\">PSG<\/span>\u00a0defronta o\u00a0<span class=\"nanospell-typo\">Marseille<\/span>\u00a0de Andr\u00e9 Villas-Boas.<\/p>\n","protected":false},"excerpt":{"rendered":"<p>Neymar\u00a0Jr vai estar fora de competi\u00e7\u00e3o novamente por v\u00e1rias semanas. Depois de afastado o pior cen\u00e1rio, o de uma\u00a0fratura, o brasileiro, avan\u00e7a o\u00a0L&#8217;\u00c9quipe, vai ficar fora dos relvados algumas semanas. A ter de cumprir exames complementares nas pr\u00f3ximas horas, avan\u00e7a a publica\u00e7\u00e3o francesa que o jogador\u00a0canarinho\u00a0dever\u00e1 ficar de baixa at\u00e9 2021 &#8211; tr\u00eas semanas. Segundo [&hellip;]<\/p>\n","protected":false},"author":1,"featured_media":2806,"comment_status":"open","ping_status":"open","sticky":false,"template":"","format":"standard","meta":{"footnotes":""},"categories":[19],"tags":[],"class_list":{"0":"post-2804","1":"post","2":"type-post","3":"status-publish","4":"format-standard","5":"has-post-thumbnail","7":"category-desporto"},"amp_enabled":true,"_links":{"self":[{"href":"https:\/\/tvbelas.com\/tvbelas\/wp-json\/wp\/v2\/posts\/2804","targetHints":{"allow":["GET"]}}],"collection":[{"href":"https:\/\/tvbelas.com\/tvbelas\/wp-json\/wp\/v2\/posts"}],"about":[{"href":"https:\/\/tvbelas.com\/tvbelas\/wp-json\/wp\/v2\/types\/post"}],"author":[{"embeddable":true,"href":"https:\/\/tvbelas.com\/tvbelas\/wp-json\/wp\/v2\/users\/1"}],"replies":[{"embeddable":true,"href":"https:\/\/tvbelas.com\/tvbelas\/wp-json\/wp\/v2\/comments?post=2804"}],"version-history":[{"count":0,"href":"https:\/\/tvbelas.com\/tvbelas\/wp-json\/wp\/v2\/posts\/2804\/revisions"}],"wp:featuredmedia":[{"embeddable":true,"href":"https:\/\/tvbelas.com\/tvbelas\/wp-json\/"}],"wp:attachment":[{"href":"https:\/\/tvbelas.com\/tvbelas\/wp-json\/wp\/v2\/media?parent=2804"}],"wp:term":[{"taxonomy":"category","embeddable":true,"href":"https:\/\/tvbelas.com\/tvbelas\/wp-json\/wp\/v2\/categories?post=2804"},{"taxonomy":"post_tag","embeddable":true,"href":"https:\/\/tvbelas.com\/tvbelas\/wp-json\/wp\/v2\/tags?post=2804"}],"curies":[{"name":"wp","href":"https:\/\/api.w.org\/{rel}","templated":true}]}}