{"id":2832,"date":"2020-12-14T17:48:26","date_gmt":"2020-12-14T16:48:26","guid":{"rendered":"http:\/\/tvbelas.com\/tvbelas\/?p=2832"},"modified":"2020-12-14T17:48:26","modified_gmt":"2020-12-14T16:48:26","slug":"subida-de-propinas-leva-estudantes-do-ispt-a-realizarem-manifestacao-em-luanda","status":"publish","type":"post","link":"https:\/\/tvbelas.com\/tvbelas\/noticias\/sociedade\/subida-de-propinas-leva-estudantes-do-ispt-a-realizarem-manifestacao-em-luanda\/","title":{"rendered":"Subida de propinas leva estudantes do ISPT a realizarem manifesta\u00e7\u00e3o em Luanda"},"content":{"rendered":"<p>Os estudantes do Instituto Superior Polit\u00e9cnico Toco\u00edsta, realizaram uma manifesta\u00e7\u00e3o nesta segunda feira defronte \u00e0 institui\u00e7\u00e3o para protestar as pol\u00edticas implementes pela Universidade.<\/p>\n<p>A subida de propinas e a falta de livros na biblioteca tamb\u00e9m \u00e9 um dos problemas que preocupa os estudantes.<\/p>\n<p>Os estudantes alegam que a Direc\u00e7\u00e3o tem tomado v\u00e1rias decis\u00f5es sem primeiro consultar a Associa\u00e7\u00e3o dos estudantes.<\/p>\n<p>Em Atualiza\u00e7\u00e3o<\/p>\n","protected":false},"excerpt":{"rendered":"<p>Os estudantes do Instituto Superior Polit\u00e9cnico Toco\u00edsta, realizaram uma manifesta\u00e7\u00e3o nesta segunda feira defronte \u00e0 institui\u00e7\u00e3o para protestar as pol\u00edticas implementes pela Universidade. A subida de propinas e a falta de livros na biblioteca tamb\u00e9m \u00e9 um dos problemas que preocupa os estudantes. Os estudantes alegam que a Direc\u00e7\u00e3o tem tomado v\u00e1rias decis\u00f5es sem primeiro [&hellip;]<\/p>\n","protected":false},"author":1,"featured_media":2836,"comment_status":"open","ping_status":"open","sticky":false,"template":"","format":"standard","meta":{"footnotes":""},"categories":[15],"tags":[],"class_list":{"0":"post-2832","1":"post","2":"type-post","3":"status-publish","4":"format-standard","5":"has-post-thumbnail","7":"category-sociedade"},"amp_enabled":true,"_links":{"self":[{"href":"https:\/\/tvbelas.com\/tvbelas\/wp-json\/wp\/v2\/posts\/2832","targetHints":{"allow":["GET"]}}],"collection":[{"href":"https:\/\/tvbelas.com\/tvbelas\/wp-json\/wp\/v2\/posts"}],"about":[{"href":"https:\/\/tvbelas.com\/tvbelas\/wp-json\/wp\/v2\/types\/post"}],"author":[{"embeddable":true,"href":"https:\/\/tvbelas.com\/tvbelas\/wp-json\/wp\/v2\/users\/1"}],"replies":[{"embeddable":true,"href":"https:\/\/tvbelas.com\/tvbelas\/wp-json\/wp\/v2\/comments?post=2832"}],"version-history":[{"count":0,"href":"https:\/\/tvbelas.com\/tvbelas\/wp-json\/wp\/v2\/posts\/2832\/revisions"}],"wp:featuredmedia":[{"embeddable":true,"href":"https:\/\/tvbelas.com\/tvbelas\/wp-json\/"}],"wp:attachment":[{"href":"https:\/\/tvbelas.com\/tvbelas\/wp-json\/wp\/v2\/media?parent=2832"}],"wp:term":[{"taxonomy":"category","embeddable":true,"href":"https:\/\/tvbelas.com\/tvbelas\/wp-json\/wp\/v2\/categories?post=2832"},{"taxonomy":"post_tag","embeddable":true,"href":"https:\/\/tvbelas.com\/tvbelas\/wp-json\/wp\/v2\/tags?post=2832"}],"curies":[{"name":"wp","href":"https:\/\/api.w.org\/{rel}","templated":true}]}}