{"id":3165,"date":"2021-01-07T09:18:48","date_gmt":"2021-01-07T08:18:48","guid":{"rendered":"http:\/\/tvbelas.com\/tvbelas\/?p=3165"},"modified":"2021-01-07T09:18:48","modified_gmt":"2021-01-07T08:18:48","slug":"meghan-markle-e-harry-vao-continuar-longe-do-reino-unido-durante-meses","status":"publish","type":"post","link":"https:\/\/tvbelas.com\/tvbelas\/programa\/entretenimento\/meghan-markle-e-harry-vao-continuar-longe-do-reino-unido-durante-meses\/","title":{"rendered":"Meghan Markle e Harry v\u00e3o continuar longe do Reino Unido durante meses"},"content":{"rendered":"<p><span class=\"news_capital_letter\">P<\/span>assou um ano desde que Meghan Markle e o pr\u00edncipe Harry tornaram p\u00fablica a decis\u00e3o de se afastarem do n\u00facleo s\u00e9nior da realeza brit\u00e2nica, tendo esta sido oficializada em mar\u00e7o passado. Desde ent\u00e3o, o casal vive nos Estados Unidos com o filho, Archie, de um ano, e n\u00e3o regressou ao pa\u00eds natal do neto da rainha Isabel II.<\/p>\n<p>Estava previsto passarem as festividades com a fam\u00edlia real e prolongarem a sua estadia em Inglaterra at\u00e9 meados de janeiro, uma vez que Meghan tinha agendado o julgamento do caso com a editora Associated Newspapers Ltd para 11 de janeiro. Contudo, os advogados da ex-atriz pediram que o julgamento fosse adiado e o pedido foi aceite, estando agora previsto para o outono deste ano.<\/p>\n<p>Nesse sentido, n\u00e3o est\u00e1 previsto que os duques de Sussex regressem t\u00e3o cedo aos aposentos da rainha. A monarca ficar\u00e1 assim mais de um ano sem estar presencialmente com o bisneto, que em maio celebra o segundo anivers\u00e1rio.<\/p>\n<p>Ser\u00e1 essa uma boa oportunidade para se reencontrarem?<\/p>\n","protected":false},"excerpt":{"rendered":"<p>Passou um ano desde que Meghan Markle e o pr\u00edncipe Harry tornaram p\u00fablica a decis\u00e3o de se afastarem do n\u00facleo s\u00e9nior da realeza brit\u00e2nica, tendo esta sido oficializada em mar\u00e7o passado. Desde ent\u00e3o, o casal vive nos Estados Unidos com o filho, Archie, de um ano, e n\u00e3o regressou ao pa\u00eds natal do neto da [&hellip;]<\/p>\n","protected":false},"author":1,"featured_media":3167,"comment_status":"open","ping_status":"open","sticky":false,"template":"","format":"standard","meta":{"footnotes":""},"categories":[21],"tags":[],"class_list":{"0":"post-3165","1":"post","2":"type-post","3":"status-publish","4":"format-standard","5":"has-post-thumbnail","7":"category-entretenimento"},"amp_enabled":true,"_links":{"self":[{"href":"https:\/\/tvbelas.com\/tvbelas\/wp-json\/wp\/v2\/posts\/3165","targetHints":{"allow":["GET"]}}],"collection":[{"href":"https:\/\/tvbelas.com\/tvbelas\/wp-json\/wp\/v2\/posts"}],"about":[{"href":"https:\/\/tvbelas.com\/tvbelas\/wp-json\/wp\/v2\/types\/post"}],"author":[{"embeddable":true,"href":"https:\/\/tvbelas.com\/tvbelas\/wp-json\/wp\/v2\/users\/1"}],"replies":[{"embeddable":true,"href":"https:\/\/tvbelas.com\/tvbelas\/wp-json\/wp\/v2\/comments?post=3165"}],"version-history":[{"count":0,"href":"https:\/\/tvbelas.com\/tvbelas\/wp-json\/wp\/v2\/posts\/3165\/revisions"}],"wp:featuredmedia":[{"embeddable":true,"href":"https:\/\/tvbelas.com\/tvbelas\/wp-json\/"}],"wp:attachment":[{"href":"https:\/\/tvbelas.com\/tvbelas\/wp-json\/wp\/v2\/media?parent=3165"}],"wp:term":[{"taxonomy":"category","embeddable":true,"href":"https:\/\/tvbelas.com\/tvbelas\/wp-json\/wp\/v2\/categories?post=3165"},{"taxonomy":"post_tag","embeddable":true,"href":"https:\/\/tvbelas.com\/tvbelas\/wp-json\/wp\/v2\/tags?post=3165"}],"curies":[{"name":"wp","href":"https:\/\/api.w.org\/{rel}","templated":true}]}}