{"id":3169,"date":"2021-01-07T09:52:23","date_gmt":"2021-01-07T08:52:23","guid":{"rendered":"http:\/\/tvbelas.com\/tvbelas\/?p=3169"},"modified":"2021-01-07T09:52:23","modified_gmt":"2021-01-07T08:52:23","slug":"e-oficial-congresso-confirma-vitoria-de-joe-biden","status":"publish","type":"post","link":"https:\/\/tvbelas.com\/tvbelas\/noticias\/internacional\/e-oficial-congresso-confirma-vitoria-de-joe-biden\/","title":{"rendered":"\u00c9 oficial. Congresso confirma vit\u00f3ria de Joe Biden"},"content":{"rendered":"<p><span class=\"news_capital_letter\">O <\/span>congresso confirmou, esta quinta-feira, a vit\u00f3ria do presidente eleito Joe Biden, reporta a\u00a0<span class=\"nanospell-typo\">CNN<\/span>.<\/p>\n<p>Recorde-se que a sess\u00e3o, que teve in\u00edcio na quarta-feira, foi interrompida ap\u00f3s\u00a0<span class=\"nanospell-typo\">apoiantes<\/span>\u00a0do Presidente cessante dos\u00a0<span class=\"nanospell-typo\">EUA<\/span>, Donald Trump, entrarem em confronto com as autoridades e invadirem o Capit\u00f3lio, em Washington.<\/p>\n<p>[Not\u00edcia em\u00a0<span class=\"nanospell-typo\">atualiza\u00e7\u00e3o<\/span>]<\/p>\n","protected":false},"excerpt":{"rendered":"<p>O congresso confirmou, esta quinta-feira, a vit\u00f3ria do presidente eleito Joe Biden, reporta a\u00a0CNN. Recorde-se que a sess\u00e3o, que teve in\u00edcio na quarta-feira, foi interrompida ap\u00f3s\u00a0apoiantes\u00a0do Presidente cessante dos\u00a0EUA, Donald Trump, entrarem em confronto com as autoridades e invadirem o Capit\u00f3lio, em Washington. [Not\u00edcia em\u00a0atualiza\u00e7\u00e3o]<\/p>\n","protected":false},"author":1,"featured_media":3171,"comment_status":"open","ping_status":"open","sticky":false,"template":"","format":"standard","meta":{"footnotes":""},"categories":[22],"tags":[],"class_list":{"0":"post-3169","1":"post","2":"type-post","3":"status-publish","4":"format-standard","5":"has-post-thumbnail","7":"category-internacional"},"amp_enabled":true,"_links":{"self":[{"href":"https:\/\/tvbelas.com\/tvbelas\/wp-json\/wp\/v2\/posts\/3169","targetHints":{"allow":["GET"]}}],"collection":[{"href":"https:\/\/tvbelas.com\/tvbelas\/wp-json\/wp\/v2\/posts"}],"about":[{"href":"https:\/\/tvbelas.com\/tvbelas\/wp-json\/wp\/v2\/types\/post"}],"author":[{"embeddable":true,"href":"https:\/\/tvbelas.com\/tvbelas\/wp-json\/wp\/v2\/users\/1"}],"replies":[{"embeddable":true,"href":"https:\/\/tvbelas.com\/tvbelas\/wp-json\/wp\/v2\/comments?post=3169"}],"version-history":[{"count":0,"href":"https:\/\/tvbelas.com\/tvbelas\/wp-json\/wp\/v2\/posts\/3169\/revisions"}],"wp:featuredmedia":[{"embeddable":true,"href":"https:\/\/tvbelas.com\/tvbelas\/wp-json\/"}],"wp:attachment":[{"href":"https:\/\/tvbelas.com\/tvbelas\/wp-json\/wp\/v2\/media?parent=3169"}],"wp:term":[{"taxonomy":"category","embeddable":true,"href":"https:\/\/tvbelas.com\/tvbelas\/wp-json\/wp\/v2\/categories?post=3169"},{"taxonomy":"post_tag","embeddable":true,"href":"https:\/\/tvbelas.com\/tvbelas\/wp-json\/wp\/v2\/tags?post=3169"}],"curies":[{"name":"wp","href":"https:\/\/api.w.org\/{rel}","templated":true}]}}