{"id":3177,"date":"2021-01-07T10:29:52","date_gmt":"2021-01-07T09:29:52","guid":{"rendered":"http:\/\/tvbelas.com\/tvbelas\/?p=3177"},"modified":"2021-01-07T10:29:52","modified_gmt":"2021-01-07T09:29:52","slug":"apos-congresso-confirmar-vitoria-de-biden-trump-reconhece-derrota","status":"publish","type":"post","link":"https:\/\/tvbelas.com\/tvbelas\/noticias\/internacional\/apos-congresso-confirmar-vitoria-de-biden-trump-reconhece-derrota\/","title":{"rendered":"Ap\u00f3s Congresso confirmar vit\u00f3ria de Biden, Trump reconhece derrota"},"content":{"rendered":"<p><span class=\"news_capital_letter\">D<\/span>epois de o congresso norte-americano ter confirmado a vit\u00f3ria de Joe\u00a0<span class=\"nanospell-typo\">Biden<\/span>\u00a0nas elei\u00e7\u00f5es presidenciais de novembro, Donald Trump prometeu uma transi\u00e7\u00e3o &#8220;ordeira&#8221; de poder.<\/p>\n<p class=\"sc-gZMcBi render-stellar-contentstyles__Paragraph-sc-9v7nwy-2 dCwndB\">&#8220;Apesar de discordar totalmente do resultado da elei\u00e7\u00e3o, e os factos me deem raz\u00e3o, haver\u00e1 uma transi\u00e7\u00e3o\u00a0ordeira a 20 de janeiro&#8221;, disse Donald Trump, num comunicado divulgado pelo seu\u00a0<span class=\"nanospell-typo\">diretor<\/span>\u00a0de redes sociais, Dan\u00a0<span class=\"nanospell-typo\">Scavino<\/span>, no Twitter.<\/p>\n<p>&#8220;Sempre disse que continuar\u00edamos a nossa luta para garantir que apenas votos legais seriam contados. Embora isto represente o fim do melhor primeiro mandato na hist\u00f3ria da presid\u00eancia, \u00e9 apenas o princ\u00edpio da nossa luta por Tornar a Am\u00e9rica Grande outra vez&#8221;, acrescenta o comunicado.<\/p>\n<p>O Congresso dos Estados Unidos ratificou hoje a vit\u00f3ria de Joe\u00a0<span class=\"nanospell-typo\">Biden<\/span>\u00a0nas elei\u00e7\u00f5es presidenciais de novembro, na \u00faltima etapa antes de ser empossado em 20 de\u00a0janeiro.<\/p>\n<p>O vice-Presidente republicano, Mike Pence, validou o voto de 306 grandes eleitores a favor do democrata contra 232 para o Presidente cessante, Donald Trump, no final de uma sess\u00e3o das duas c\u00e2maras, marcada pela invas\u00e3o de\u00a0apoiantes\u00a0de Trump e que semeou o caos no Capit\u00f3lio, em Washington.<\/p>\n","protected":false},"excerpt":{"rendered":"<p>Depois de o congresso norte-americano ter confirmado a vit\u00f3ria de Joe\u00a0Biden\u00a0nas elei\u00e7\u00f5es presidenciais de novembro, Donald Trump prometeu uma transi\u00e7\u00e3o &#8220;ordeira&#8221; de poder. &#8220;Apesar de discordar totalmente do resultado da elei\u00e7\u00e3o, e os factos me deem raz\u00e3o, haver\u00e1 uma transi\u00e7\u00e3o\u00a0ordeira a 20 de janeiro&#8221;, disse Donald Trump, num comunicado divulgado pelo seu\u00a0diretor\u00a0de redes sociais, Dan\u00a0Scavino, [&hellip;]<\/p>\n","protected":false},"author":1,"featured_media":3179,"comment_status":"open","ping_status":"open","sticky":false,"template":"","format":"standard","meta":{"footnotes":""},"categories":[22],"tags":[],"class_list":{"0":"post-3177","1":"post","2":"type-post","3":"status-publish","4":"format-standard","5":"has-post-thumbnail","7":"category-internacional"},"amp_enabled":true,"_links":{"self":[{"href":"https:\/\/tvbelas.com\/tvbelas\/wp-json\/wp\/v2\/posts\/3177","targetHints":{"allow":["GET"]}}],"collection":[{"href":"https:\/\/tvbelas.com\/tvbelas\/wp-json\/wp\/v2\/posts"}],"about":[{"href":"https:\/\/tvbelas.com\/tvbelas\/wp-json\/wp\/v2\/types\/post"}],"author":[{"embeddable":true,"href":"https:\/\/tvbelas.com\/tvbelas\/wp-json\/wp\/v2\/users\/1"}],"replies":[{"embeddable":true,"href":"https:\/\/tvbelas.com\/tvbelas\/wp-json\/wp\/v2\/comments?post=3177"}],"version-history":[{"count":0,"href":"https:\/\/tvbelas.com\/tvbelas\/wp-json\/wp\/v2\/posts\/3177\/revisions"}],"wp:featuredmedia":[{"embeddable":true,"href":"https:\/\/tvbelas.com\/tvbelas\/wp-json\/"}],"wp:attachment":[{"href":"https:\/\/tvbelas.com\/tvbelas\/wp-json\/wp\/v2\/media?parent=3177"}],"wp:term":[{"taxonomy":"category","embeddable":true,"href":"https:\/\/tvbelas.com\/tvbelas\/wp-json\/wp\/v2\/categories?post=3177"},{"taxonomy":"post_tag","embeddable":true,"href":"https:\/\/tvbelas.com\/tvbelas\/wp-json\/wp\/v2\/tags?post=3177"}],"curies":[{"name":"wp","href":"https:\/\/api.w.org\/{rel}","templated":true}]}}